{"id":7019,"date":"2025-07-06T17:50:56","date_gmt":"2025-07-06T20:50:56","guid":{"rendered":"https:\/\/isfd19-bue.infd.edu.ar\/sitio\/?p=7019"},"modified":"2025-07-06T17:50:57","modified_gmt":"2025-07-06T20:50:57","slug":"carta-a-la-comunidad-educativa-del-isfd-19","status":"publish","type":"post","link":"https:\/\/isfd19-bue.infd.edu.ar\/sitio\/carta-a-la-comunidad-educativa-del-isfd-19\/","title":{"rendered":"Carta a la Comunidad Educativa del ISFD 19"},"content":{"rendered":"\n<p>Estimada Comunidad Educativa:<\/p>\n\n\n\n<p>Como es de p\u00fablico y notorio, la <strong>sede Almafuerte del Instituto<\/strong> est\u00e1 atravesando un <strong>momento muy complejo con relaci\u00f3n a las condiciones edilicias<\/strong>.<\/p>\n\n\n\n<p>Desde el Equipo de Conducci\u00f3n hacemos los correspondientes pedidos de atenci\u00f3n por inconvenientes edilicios a Consejo Escolar cada vez que algo surge en forma constante y permanente, y son atendidos, pero es evidente que el estado de las ca\u00f1er\u00edas es tan precario que no es suficiente con lo que se va haciendo: desde hace un poco m\u00e1s de una semana est\u00e1 inundado uno de los ba\u00f1os de estudiantes y no ha sido suficiente con la \u00faltima acci\u00f3n realizada cuando vinieron los operarios a atender la emergencia.<\/p>\n\n\n\n<p>A las cuestiones que ven\u00edan observ\u00e1ndose, y m\u00e1s all\u00e1 de los sucesivos y permanentes reclamos e intervenciones que se van realizando para salvar cada situaci\u00f3n, se suma la novedad de la <strong>crisis distrital por el suministro de gas<\/strong> (que hasta el viernes no fue restituido en el edificio grande), lo que <strong>impide la calefacci\u00f3n de los espacios \u00e1ulicos y dem\u00e1s dependencias<\/strong> de la sede Almafuerte.<\/p>\n\n\n\n<p>Si bien comprendemos que la suspensi\u00f3n de las clases presenciales incide muy desfavorablemente en las continuidades pedag\u00f3gicas, tambi\u00e9n nos parece indigno para todo el estudiantado, el equipo docente, de preceptor\u00eda y auxiliares asistir al lugar de estudio y trabajo en las condiciones que tenemos que afrontar. Reconocemos que es imprescindible y reclamamos por un espacio de aprendizaje, ense\u00f1anza y labor diaria en el que podamos <strong>desarrollar las tareas con mejores condiciones de seguridad, salubridad y cuidado<\/strong>.<\/p>\n\n\n\n<p>Por las razones que estamos expresando, estamos generando un plan de acci\u00f3n a partir del d\u00eda de hoy, en el que hemos decidido invitar a consejeros escolares a la sesi\u00f3n de CAI prevista para ma\u00f1ana, durante la que se abordar\u00e1, como punto urgente, el escrito de un manifiesto institucional para elevar a las autoridades educativas de la provincia de Buenos Aires, solicitando la atenci\u00f3n inmediata de las problem\u00e1ticas que estamos atravesando.<\/p>\n\n\n\n<p>Nos parece importante y fundamental la participaci\u00f3n de toda la comunidad en el encuentro de ma\u00f1ana. Entendemos que las condiciones que estamos atravesando revisten un car\u00e1cter de gravedad tal que no podemos desconocer y que es necesario que acompa\u00f1emos desde cada uno de los lugares que ocupamos con responsabilidad y posicionamiento docente, en defensa siempre de la educaci\u00f3n p\u00fablica bonaerense.<\/p>\n\n\n\n<p>Esperamos contar con su presencia. Informaremos por los medios de comunicaci\u00f3n habituales cualquier novedad que surja. Muchas gracias por su atenci\u00f3n y comprensi\u00f3n.<\/p>\n\n\n\n<p class=\"has-text-align-center\"><strong>Equipo de Conducci\u00f3n &#8211; ISFD 19 (Mar del Plata\/Bat\u00e1n)<\/strong><\/p>\n","protected":false},"excerpt":{"rendered":"<p>Estimada Comunidad Educativa: Como es de p\u00fablico y notorio, la sede Almafuerte del Instituto est\u00e1 atravesando un momento muy complejo con relaci\u00f3n a las condiciones edilicias. Desde el Equipo de Conducci\u00f3n hacemos los correspondientes pedidos de atenci\u00f3n por inconvenientes edilicios a Consejo Escolar cada vez que algo surge en forma constante y permanente, y son &#8230; <a title=\"Carta a la Comunidad Educativa del ISFD 19\" class=\"read-more\" href=\"https:\/\/isfd19-bue.infd.edu.ar\/sitio\/carta-a-la-comunidad-educativa-del-isfd-19\/\" aria-label=\"More on Carta a la Comunidad Educativa del ISFD 19\">[+]<\/a><\/p>\n","protected":false},"author":594,"featured_media":0,"comment_status":"closed","ping_status":"closed","sticky":false,"template":"","format":"standard","meta":[],"categories":[1],"tags":[],"acf":[],"_links":{"self":[{"href":"https:\/\/isfd19-bue.infd.edu.ar\/sitio\/wp-json\/wp\/v2\/posts\/7019"}],"collection":[{"href":"https:\/\/isfd19-bue.infd.edu.ar\/sitio\/wp-json\/wp\/v2\/posts"}],"about":[{"href":"https:\/\/isfd19-bue.infd.edu.ar\/sitio\/wp-json\/wp\/v2\/types\/post"}],"author":[{"embeddable":true,"href":"https:\/\/isfd19-bue.infd.edu.ar\/sitio\/wp-json\/wp\/v2\/users\/594"}],"replies":[{"embeddable":true,"href":"https:\/\/isfd19-bue.infd.edu.ar\/sitio\/wp-json\/wp\/v2\/comments?post=7019"}],"version-history":[{"count":1,"href":"https:\/\/isfd19-bue.infd.edu.ar\/sitio\/wp-json\/wp\/v2\/posts\/7019\/revisions"}],"predecessor-version":[{"id":7020,"href":"https:\/\/isfd19-bue.infd.edu.ar\/sitio\/wp-json\/wp\/v2\/posts\/7019\/revisions\/7020"}],"wp:attachment":[{"href":"https:\/\/isfd19-bue.infd.edu.ar\/sitio\/wp-json\/wp\/v2\/media?parent=7019"}],"wp:term":[{"taxonomy":"category","embeddable":true,"href":"https:\/\/isfd19-bue.infd.edu.ar\/sitio\/wp-json\/wp\/v2\/categories?post=7019"},{"taxonomy":"post_tag","embeddable":true,"href":"https:\/\/isfd19-bue.infd.edu.ar\/sitio\/wp-json\/wp\/v2\/tags?post=7019"}],"curies":[{"name":"wp","href":"https:\/\/api.w.org\/{rel}","templated":true}]}}