{"id":6448,"date":"2023-12-05T21:28:05","date_gmt":"2023-12-06T00:28:05","guid":{"rendered":"https:\/\/isfd19-bue.infd.edu.ar\/sitio\/?p=6448"},"modified":"2023-12-05T21:28:07","modified_gmt":"2023-12-06T00:28:07","slug":"repudio","status":"publish","type":"post","link":"https:\/\/isfd19-bue.infd.edu.ar\/sitio\/repudio\/","title":{"rendered":"Repudio"},"content":{"rendered":"\n<p>En el d\u00eda de hoy sucedieron hechos que nunca imaginamos iban a volver a suceder en plena democracia. Se vandaliz\u00f3 el espacio del Instituto con manos pintadas con pintura roja adentro del espacio de la casita, en las paredes de entrada al edificio principal y en la puerta de madera grande. El Instituto es un espacio p\u00fablico, en donde el estado garantiza el derecho a estudiar y a trabajar, es adonde acudimos todos los d\u00edas, cada unx con responsabilidades diferentes,<\/p>\n\n\n\n<p>Aceptamos todo tipo de reclamos y manifestaciones de manera respetuosa y democr\u00e1tica, pero jam\u00e1s aceptaremos la violencia hacia la instituci\u00f3n. Nos cuesta creer en esta acci\u00f3n, duele profundamente. Se ha pasado el l\u00edmite. No nos da lo mismo que una justa protesta se transforme en violencia hacia el espacio que nos cobija y nos permite formarnos y desarrollarnos como profesionales de la ense\u00f1anza. <\/p>\n\n\n\n<p>Lamentablemente en estas acciones nunca aparecen lxs responsables que den la cara. M\u00e1s tristeza institucional que no enaltece para nada la profesi\u00f3n docente. Ojal\u00e1 surja de este hecho una reflexi\u00f3n profunda y comprometida.<\/p>\n\n\n\n<p>Muchas gracias<\/p>\n\n\n\n<p><\/p>\n","protected":false},"excerpt":{"rendered":"<p>En el d\u00eda de hoy sucedieron hechos que nunca imaginamos iban a volver a suceder en plena democracia. Se vandaliz\u00f3 el espacio del Instituto con manos pintadas con pintura roja adentro del espacio de la casita, en las paredes de entrada al edificio principal y en la puerta de madera grande. El Instituto es un &#8230; <a title=\"Repudio\" class=\"read-more\" href=\"https:\/\/isfd19-bue.infd.edu.ar\/sitio\/repudio\/\" aria-label=\"More on Repudio\">[+]<\/a><\/p>\n","protected":false},"author":420,"featured_media":0,"comment_status":"open","ping_status":"open","sticky":false,"template":"","format":"standard","meta":[],"categories":[1],"tags":[],"acf":[],"_links":{"self":[{"href":"https:\/\/isfd19-bue.infd.edu.ar\/sitio\/wp-json\/wp\/v2\/posts\/6448"}],"collection":[{"href":"https:\/\/isfd19-bue.infd.edu.ar\/sitio\/wp-json\/wp\/v2\/posts"}],"about":[{"href":"https:\/\/isfd19-bue.infd.edu.ar\/sitio\/wp-json\/wp\/v2\/types\/post"}],"author":[{"embeddable":true,"href":"https:\/\/isfd19-bue.infd.edu.ar\/sitio\/wp-json\/wp\/v2\/users\/420"}],"replies":[{"embeddable":true,"href":"https:\/\/isfd19-bue.infd.edu.ar\/sitio\/wp-json\/wp\/v2\/comments?post=6448"}],"version-history":[{"count":1,"href":"https:\/\/isfd19-bue.infd.edu.ar\/sitio\/wp-json\/wp\/v2\/posts\/6448\/revisions"}],"predecessor-version":[{"id":6449,"href":"https:\/\/isfd19-bue.infd.edu.ar\/sitio\/wp-json\/wp\/v2\/posts\/6448\/revisions\/6449"}],"wp:attachment":[{"href":"https:\/\/isfd19-bue.infd.edu.ar\/sitio\/wp-json\/wp\/v2\/media?parent=6448"}],"wp:term":[{"taxonomy":"category","embeddable":true,"href":"https:\/\/isfd19-bue.infd.edu.ar\/sitio\/wp-json\/wp\/v2\/categories?post=6448"},{"taxonomy":"post_tag","embeddable":true,"href":"https:\/\/isfd19-bue.infd.edu.ar\/sitio\/wp-json\/wp\/v2\/tags?post=6448"}],"curies":[{"name":"wp","href":"https:\/\/api.w.org\/{rel}","templated":true}]}}