{"id":6361,"date":"2023-10-07T20:12:57","date_gmt":"2023-10-07T23:12:57","guid":{"rendered":"https:\/\/isfd19-bue.infd.edu.ar\/sitio\/?p=6361"},"modified":"2023-10-07T20:13:12","modified_gmt":"2023-10-07T23:13:12","slug":"fallecimiento-de-soledad-alves","status":"publish","type":"post","link":"https:\/\/isfd19-bue.infd.edu.ar\/sitio\/fallecimiento-de-soledad-alves\/","title":{"rendered":"Fallecimiento de Soledad Alves"},"content":{"rendered":"\n<p>Lamentamos informar a la comunidad de nuestro Instituto la triste noticia del fallecimiento de Soledad Alves, Vicedecana de la Facultad de Ciencias de la Salud y Trabajo Social de la UNMdP, instituci\u00f3n con la que hemos trabajado articuladamente desde la asignatura de Did\u00e1ctica y Curr\u00edculum de Nivel Primario y la c\u00e1tedra de Pedagog\u00eda General y Especial de la carrera Licenciatura en Terapia Ocupacional.<\/p>\n\n\n\n<p>El lamentable deceso de esta profesional de la salud y la educaci\u00f3n universitaria, producto de la inesperada enfermedad que contrajo hace poco menos de un mes, representa una enorme p\u00e9rdida para la comunidad universitaria y para quienes de alg\u00fan modo entramamos con ella redes de trabajo e intercambio profesional.<\/p>\n\n\n\n<p>Nuestro m\u00e1s sincero acompa\u00f1amiento a su familia y personas m\u00e1s cercanas en este doloroso momento&#8230;<\/p>\n\n\n\n<p class=\"has-text-align-right\">Comunidad Educativa del ISFD N\u00ba19<\/p>\n","protected":false},"excerpt":{"rendered":"<p>Lamentamos informar a la comunidad de nuestro Instituto la triste noticia del fallecimiento de Soledad Alves, Vicedecana de la Facultad de Ciencias de la Salud y Trabajo Social de la UNMdP, instituci\u00f3n con la que hemos trabajado articuladamente desde la asignatura de Did\u00e1ctica y Curr\u00edculum de Nivel Primario y la c\u00e1tedra de Pedagog\u00eda General y &#8230; <a title=\"Fallecimiento de Soledad Alves\" class=\"read-more\" href=\"https:\/\/isfd19-bue.infd.edu.ar\/sitio\/fallecimiento-de-soledad-alves\/\" aria-label=\"More on Fallecimiento de Soledad Alves\">[+]<\/a><\/p>\n","protected":false},"author":420,"featured_media":0,"comment_status":"open","ping_status":"open","sticky":false,"template":"","format":"standard","meta":[],"categories":[1],"tags":[],"acf":[],"_links":{"self":[{"href":"https:\/\/isfd19-bue.infd.edu.ar\/sitio\/wp-json\/wp\/v2\/posts\/6361"}],"collection":[{"href":"https:\/\/isfd19-bue.infd.edu.ar\/sitio\/wp-json\/wp\/v2\/posts"}],"about":[{"href":"https:\/\/isfd19-bue.infd.edu.ar\/sitio\/wp-json\/wp\/v2\/types\/post"}],"author":[{"embeddable":true,"href":"https:\/\/isfd19-bue.infd.edu.ar\/sitio\/wp-json\/wp\/v2\/users\/420"}],"replies":[{"embeddable":true,"href":"https:\/\/isfd19-bue.infd.edu.ar\/sitio\/wp-json\/wp\/v2\/comments?post=6361"}],"version-history":[{"count":1,"href":"https:\/\/isfd19-bue.infd.edu.ar\/sitio\/wp-json\/wp\/v2\/posts\/6361\/revisions"}],"predecessor-version":[{"id":6362,"href":"https:\/\/isfd19-bue.infd.edu.ar\/sitio\/wp-json\/wp\/v2\/posts\/6361\/revisions\/6362"}],"wp:attachment":[{"href":"https:\/\/isfd19-bue.infd.edu.ar\/sitio\/wp-json\/wp\/v2\/media?parent=6361"}],"wp:term":[{"taxonomy":"category","embeddable":true,"href":"https:\/\/isfd19-bue.infd.edu.ar\/sitio\/wp-json\/wp\/v2\/categories?post=6361"},{"taxonomy":"post_tag","embeddable":true,"href":"https:\/\/isfd19-bue.infd.edu.ar\/sitio\/wp-json\/wp\/v2\/tags?post=6361"}],"curies":[{"name":"wp","href":"https:\/\/api.w.org\/{rel}","templated":true}]}}