{"id":6182,"date":"2023-07-09T11:46:50","date_gmt":"2023-07-09T14:46:50","guid":{"rendered":"https:\/\/isfd19-bue.infd.edu.ar\/sitio\/?p=6182"},"modified":"2023-07-09T11:46:52","modified_gmt":"2023-07-09T14:46:52","slug":"9-de-julio-dia-de-la-independencia-2","status":"publish","type":"post","link":"https:\/\/isfd19-bue.infd.edu.ar\/sitio\/9-de-julio-dia-de-la-independencia-2\/","title":{"rendered":"9 de julio D\u00eda de la Independencia"},"content":{"rendered":"\n<p><\/p>\n\n\n\n<p>Cada 9 de Julio celebramos un nuevo aniversario de la declaraci\u00f3n de nuestra independencia, que tuvo lugar en San Miguel de Tucum\u00e1n, en 1816. Este hecho hist\u00f3rico marc\u00f3 la ruptura de la dependencia pol\u00edtica de la corona espa\u00f1ola, enmarcada dentro del plan de guerra de Jos\u00e9 de San Mart\u00edn, ampliando as\u00ed su revoluci\u00f3n libertadora m\u00e1s all\u00e1 de las Provincias Unidas<\/p>\n\n\n\n<p>Las sesiones del Congreso se iniciaron el 24 de marzo de 1816 con la presencia de 33 diputados de diferentes provincias, donde luego de varios meses,<strong>\u00a0acordaron firmar la proclama que expresaba la voluntad de emancipaci\u00f3n<\/strong>\u00a0y la creaci\u00f3n de un\u00a0<strong>gobierno soberano e independiente.<\/strong><\/p>\n\n\n\n<p>Seg\u00fan el historiador Daniel Balmaceda, nuestro pa\u00eds tiene dos fechas relevantes:<strong>\u00a0mayo de 1810,<\/strong>\u00a0donde nos volvimos\u00a0<strong>aut\u00f3nomos,<\/strong>\u00a0y\u00a0<strong>julio de 1816,\u00a0<\/strong>donde adem\u00e1s nos volvimos\u00a0<strong>soberanos<\/strong>.<\/p>\n\n\n\n<p>Hoy y como siempre defendamos la gesta de 1816, que herman\u00f3 a los pueblos en una intenci\u00f3n de soberan\u00eda, emancipaci\u00f3n e independencia.<\/p>\n\n\n\n<p>Feliz d\u00eda de la patria!<\/p>\n","protected":false},"excerpt":{"rendered":"<p>Cada 9 de Julio celebramos un nuevo aniversario de la declaraci\u00f3n de nuestra independencia, que tuvo lugar en San Miguel de Tucum\u00e1n, en 1816. Este hecho hist\u00f3rico marc\u00f3 la ruptura de la dependencia pol\u00edtica de la corona espa\u00f1ola, enmarcada dentro del plan de guerra de Jos\u00e9 de San Mart\u00edn, ampliando as\u00ed su revoluci\u00f3n libertadora m\u00e1s &#8230; <a title=\"9 de julio D\u00eda de la Independencia\" class=\"read-more\" href=\"https:\/\/isfd19-bue.infd.edu.ar\/sitio\/9-de-julio-dia-de-la-independencia-2\/\" aria-label=\"More on 9 de julio D\u00eda de la Independencia\">[+]<\/a><\/p>\n","protected":false},"author":420,"featured_media":0,"comment_status":"open","ping_status":"open","sticky":false,"template":"","format":"standard","meta":[],"categories":[1],"tags":[],"acf":[],"_links":{"self":[{"href":"https:\/\/isfd19-bue.infd.edu.ar\/sitio\/wp-json\/wp\/v2\/posts\/6182"}],"collection":[{"href":"https:\/\/isfd19-bue.infd.edu.ar\/sitio\/wp-json\/wp\/v2\/posts"}],"about":[{"href":"https:\/\/isfd19-bue.infd.edu.ar\/sitio\/wp-json\/wp\/v2\/types\/post"}],"author":[{"embeddable":true,"href":"https:\/\/isfd19-bue.infd.edu.ar\/sitio\/wp-json\/wp\/v2\/users\/420"}],"replies":[{"embeddable":true,"href":"https:\/\/isfd19-bue.infd.edu.ar\/sitio\/wp-json\/wp\/v2\/comments?post=6182"}],"version-history":[{"count":1,"href":"https:\/\/isfd19-bue.infd.edu.ar\/sitio\/wp-json\/wp\/v2\/posts\/6182\/revisions"}],"predecessor-version":[{"id":6183,"href":"https:\/\/isfd19-bue.infd.edu.ar\/sitio\/wp-json\/wp\/v2\/posts\/6182\/revisions\/6183"}],"wp:attachment":[{"href":"https:\/\/isfd19-bue.infd.edu.ar\/sitio\/wp-json\/wp\/v2\/media?parent=6182"}],"wp:term":[{"taxonomy":"category","embeddable":true,"href":"https:\/\/isfd19-bue.infd.edu.ar\/sitio\/wp-json\/wp\/v2\/categories?post=6182"},{"taxonomy":"post_tag","embeddable":true,"href":"https:\/\/isfd19-bue.infd.edu.ar\/sitio\/wp-json\/wp\/v2\/tags?post=6182"}],"curies":[{"name":"wp","href":"https:\/\/api.w.org\/{rel}","templated":true}]}}