{"id":6174,"date":"2023-07-04T11:02:48","date_gmt":"2023-07-04T14:02:48","guid":{"rendered":"https:\/\/isfd19-bue.infd.edu.ar\/sitio\/?p=6174"},"modified":"2023-07-04T11:02:50","modified_gmt":"2023-07-04T14:02:50","slug":"suspension-de-actividades-presenciales-en-sede-de-almafuerte-hoy-tarde-y-vespertino","status":"publish","type":"post","link":"https:\/\/isfd19-bue.infd.edu.ar\/sitio\/suspension-de-actividades-presenciales-en-sede-de-almafuerte-hoy-tarde-y-vespertino\/","title":{"rendered":"Suspensi\u00f3n de actividades presenciales en sede de Almafuerte hoy tarde y vespertino"},"content":{"rendered":"\n<p>Buenos d\u00edas, informamos que a ra\u00edz del corte de una fase en la provisi\u00f3n de energ\u00eda el\u00e9ctrica, la mayor\u00eda de los espacios del Instituto est\u00e1n sin luz desde hoy a la madrugada. Ya inspeccionaron los electricistas del Consejo Escolar, pero es falla externa dependiente de la empresa EDEA.<\/p>\n\n\n\n<p>Por el d\u00eda de hoy, en los turnos tarde y vespertino virtualizaremos la actividad s\u00f3lo en sede Almafuerte 565. <\/p>\n\n\n\n<p>Mantendremos la informaci\u00f3n a medida que se solucione.<\/p>\n\n\n\n<p>Equipo Directivo<\/p>\n","protected":false},"excerpt":{"rendered":"<p>Buenos d\u00edas, informamos que a ra\u00edz del corte de una fase en la provisi\u00f3n de energ\u00eda el\u00e9ctrica, la mayor\u00eda de los espacios del Instituto est\u00e1n sin luz desde hoy a la madrugada. Ya inspeccionaron los electricistas del Consejo Escolar, pero es falla externa dependiente de la empresa EDEA. Por el d\u00eda de hoy, en los &#8230; <a title=\"Suspensi\u00f3n de actividades presenciales en sede de Almafuerte hoy tarde y vespertino\" class=\"read-more\" href=\"https:\/\/isfd19-bue.infd.edu.ar\/sitio\/suspension-de-actividades-presenciales-en-sede-de-almafuerte-hoy-tarde-y-vespertino\/\" aria-label=\"More on Suspensi\u00f3n de actividades presenciales en sede de Almafuerte hoy tarde y vespertino\">[+]<\/a><\/p>\n","protected":false},"author":420,"featured_media":0,"comment_status":"open","ping_status":"open","sticky":false,"template":"","format":"standard","meta":[],"categories":[1],"tags":[],"acf":[],"_links":{"self":[{"href":"https:\/\/isfd19-bue.infd.edu.ar\/sitio\/wp-json\/wp\/v2\/posts\/6174"}],"collection":[{"href":"https:\/\/isfd19-bue.infd.edu.ar\/sitio\/wp-json\/wp\/v2\/posts"}],"about":[{"href":"https:\/\/isfd19-bue.infd.edu.ar\/sitio\/wp-json\/wp\/v2\/types\/post"}],"author":[{"embeddable":true,"href":"https:\/\/isfd19-bue.infd.edu.ar\/sitio\/wp-json\/wp\/v2\/users\/420"}],"replies":[{"embeddable":true,"href":"https:\/\/isfd19-bue.infd.edu.ar\/sitio\/wp-json\/wp\/v2\/comments?post=6174"}],"version-history":[{"count":1,"href":"https:\/\/isfd19-bue.infd.edu.ar\/sitio\/wp-json\/wp\/v2\/posts\/6174\/revisions"}],"predecessor-version":[{"id":6175,"href":"https:\/\/isfd19-bue.infd.edu.ar\/sitio\/wp-json\/wp\/v2\/posts\/6174\/revisions\/6175"}],"wp:attachment":[{"href":"https:\/\/isfd19-bue.infd.edu.ar\/sitio\/wp-json\/wp\/v2\/media?parent=6174"}],"wp:term":[{"taxonomy":"category","embeddable":true,"href":"https:\/\/isfd19-bue.infd.edu.ar\/sitio\/wp-json\/wp\/v2\/categories?post=6174"},{"taxonomy":"post_tag","embeddable":true,"href":"https:\/\/isfd19-bue.infd.edu.ar\/sitio\/wp-json\/wp\/v2\/tags?post=6174"}],"curies":[{"name":"wp","href":"https:\/\/api.w.org\/{rel}","templated":true}]}}