{"id":6166,"date":"2023-06-28T21:41:36","date_gmt":"2023-06-29T00:41:36","guid":{"rendered":"https:\/\/isfd19-bue.infd.edu.ar\/sitio\/?p=6166"},"modified":"2023-07-05T19:05:06","modified_gmt":"2023-07-05T22:05:06","slug":"hermosa-noticia-nuevo-profesorado","status":"publish","type":"post","link":"https:\/\/isfd19-bue.infd.edu.ar\/sitio\/hermosa-noticia-nuevo-profesorado\/","title":{"rendered":"Hermosa noticia: nuevo profesorado"},"content":{"rendered":"\n<p>Informamos a la comunidad educativa que tendremos una carrera nueva, se trata del Profesorado de Educaci\u00f3n Secundaria T\u00e9cnico profesional en Automotores. Se cursar\u00e1 en la Extensi\u00f3n \u00c1ulica de Bat\u00e1n en horario vespertino. Dejamos en el siguiente flyer los datos de difusi\u00f3n, inscripci\u00f3n y correo de consultas.<\/p>\n\n\n\n<p>Muchas gracias, quedamos a disposici\u00f3n para cualquier consulta.<\/p>\n\n\n\n<p>Equipo Directivo<\/p>\n\n\n\n<p> <\/p>\n\n\n<div class=\"wp-block-image\">\n<figure class=\"aligncenter size-full is-resized\"><img decoding=\"async\" loading=\"lazy\" src=\"https:\/\/isfd19-bue.infd.edu.ar\/sitio\/wp-content\/uploads\/2023\/06\/WhatsApp-Image-2023-06-27-at-10.15.37.jpeg\" alt=\"\" class=\"wp-image-6167\" width=\"595\" height=\"595\" srcset=\"https:\/\/isfd19-bue.infd.edu.ar\/sitio\/wp-content\/uploads\/2023\/06\/WhatsApp-Image-2023-06-27-at-10.15.37.jpeg 1080w, https:\/\/isfd19-bue.infd.edu.ar\/sitio\/wp-content\/uploads\/2023\/06\/WhatsApp-Image-2023-06-27-at-10.15.37-1000x1000.jpeg 1000w, https:\/\/isfd19-bue.infd.edu.ar\/sitio\/wp-content\/uploads\/2023\/06\/WhatsApp-Image-2023-06-27-at-10.15.37-500x500.jpeg 500w, https:\/\/isfd19-bue.infd.edu.ar\/sitio\/wp-content\/uploads\/2023\/06\/WhatsApp-Image-2023-06-27-at-10.15.37-768x768.jpeg 768w\" sizes=\"(max-width: 595px) 100vw, 595px\" \/><\/figure><\/div>","protected":false},"excerpt":{"rendered":"<p>Informamos a la comunidad educativa que tendremos una carrera nueva, se trata del Profesorado de Educaci\u00f3n Secundaria T\u00e9cnico profesional en Automotores. Se cursar\u00e1 en la Extensi\u00f3n \u00c1ulica de Bat\u00e1n en horario vespertino. Dejamos en el siguiente flyer los datos de difusi\u00f3n, inscripci\u00f3n y correo de consultas. Muchas gracias, quedamos a disposici\u00f3n para cualquier consulta. Equipo &#8230; <a title=\"Hermosa noticia: nuevo profesorado\" class=\"read-more\" href=\"https:\/\/isfd19-bue.infd.edu.ar\/sitio\/hermosa-noticia-nuevo-profesorado\/\" aria-label=\"More on Hermosa noticia: nuevo profesorado\">[+]<\/a><\/p>\n","protected":false},"author":420,"featured_media":0,"comment_status":"open","ping_status":"open","sticky":false,"template":"","format":"standard","meta":[],"categories":[1],"tags":[],"acf":[],"_links":{"self":[{"href":"https:\/\/isfd19-bue.infd.edu.ar\/sitio\/wp-json\/wp\/v2\/posts\/6166"}],"collection":[{"href":"https:\/\/isfd19-bue.infd.edu.ar\/sitio\/wp-json\/wp\/v2\/posts"}],"about":[{"href":"https:\/\/isfd19-bue.infd.edu.ar\/sitio\/wp-json\/wp\/v2\/types\/post"}],"author":[{"embeddable":true,"href":"https:\/\/isfd19-bue.infd.edu.ar\/sitio\/wp-json\/wp\/v2\/users\/420"}],"replies":[{"embeddable":true,"href":"https:\/\/isfd19-bue.infd.edu.ar\/sitio\/wp-json\/wp\/v2\/comments?post=6166"}],"version-history":[{"count":3,"href":"https:\/\/isfd19-bue.infd.edu.ar\/sitio\/wp-json\/wp\/v2\/posts\/6166\/revisions"}],"predecessor-version":[{"id":6170,"href":"https:\/\/isfd19-bue.infd.edu.ar\/sitio\/wp-json\/wp\/v2\/posts\/6166\/revisions\/6170"}],"wp:attachment":[{"href":"https:\/\/isfd19-bue.infd.edu.ar\/sitio\/wp-json\/wp\/v2\/media?parent=6166"}],"wp:term":[{"taxonomy":"category","embeddable":true,"href":"https:\/\/isfd19-bue.infd.edu.ar\/sitio\/wp-json\/wp\/v2\/categories?post=6166"},{"taxonomy":"post_tag","embeddable":true,"href":"https:\/\/isfd19-bue.infd.edu.ar\/sitio\/wp-json\/wp\/v2\/tags?post=6166"}],"curies":[{"name":"wp","href":"https:\/\/api.w.org\/{rel}","templated":true}]}}