{"id":6162,"date":"2023-06-26T18:47:15","date_gmt":"2023-06-26T21:47:15","guid":{"rendered":"https:\/\/isfd19-bue.infd.edu.ar\/sitio\/?p=6162"},"modified":"2023-06-26T18:47:16","modified_gmt":"2023-06-26T21:47:16","slug":"virtualizacion-de-clases-27-de-junio","status":"publish","type":"post","link":"https:\/\/isfd19-bue.infd.edu.ar\/sitio\/virtualizacion-de-clases-27-de-junio\/","title":{"rendered":"Virtualizaci\u00f3n de Clases 27 de Junio"},"content":{"rendered":"\n<p>Se les comunica a la comunidad educativa, que por el paro convocado por el Gremio de ATE del d\u00eda de ma\u00f1ana 27\/06\/2023.<\/p>\n\n\n\n<p>Las Actividades Pedag\u00f3gicas se realizaran de forma Virtual, tanto para Docentes como Alumnos.<\/p>\n\n\n\n<p>El equipo  Directivo, de Conducci\u00f3n y personal administrativo deber\u00e1n concurrir al establecimiento.<\/p>\n\n\n\n<p><\/p>\n\n\n\n<p><\/p>\n","protected":false},"excerpt":{"rendered":"<p>Se les comunica a la comunidad educativa, que por el paro convocado por el Gremio de ATE del d\u00eda de ma\u00f1ana 27\/06\/2023. Las Actividades Pedag\u00f3gicas se realizaran de forma Virtual, tanto para Docentes como Alumnos. El equipo Directivo, de Conducci\u00f3n y personal administrativo deber\u00e1n concurrir al establecimiento.<\/p>\n","protected":false},"author":307,"featured_media":0,"comment_status":"closed","ping_status":"closed","sticky":false,"template":"","format":"quote","meta":[],"categories":[1],"tags":[],"acf":[],"_links":{"self":[{"href":"https:\/\/isfd19-bue.infd.edu.ar\/sitio\/wp-json\/wp\/v2\/posts\/6162"}],"collection":[{"href":"https:\/\/isfd19-bue.infd.edu.ar\/sitio\/wp-json\/wp\/v2\/posts"}],"about":[{"href":"https:\/\/isfd19-bue.infd.edu.ar\/sitio\/wp-json\/wp\/v2\/types\/post"}],"author":[{"embeddable":true,"href":"https:\/\/isfd19-bue.infd.edu.ar\/sitio\/wp-json\/wp\/v2\/users\/307"}],"replies":[{"embeddable":true,"href":"https:\/\/isfd19-bue.infd.edu.ar\/sitio\/wp-json\/wp\/v2\/comments?post=6162"}],"version-history":[{"count":1,"href":"https:\/\/isfd19-bue.infd.edu.ar\/sitio\/wp-json\/wp\/v2\/posts\/6162\/revisions"}],"predecessor-version":[{"id":6163,"href":"https:\/\/isfd19-bue.infd.edu.ar\/sitio\/wp-json\/wp\/v2\/posts\/6162\/revisions\/6163"}],"wp:attachment":[{"href":"https:\/\/isfd19-bue.infd.edu.ar\/sitio\/wp-json\/wp\/v2\/media?parent=6162"}],"wp:term":[{"taxonomy":"category","embeddable":true,"href":"https:\/\/isfd19-bue.infd.edu.ar\/sitio\/wp-json\/wp\/v2\/categories?post=6162"},{"taxonomy":"post_tag","embeddable":true,"href":"https:\/\/isfd19-bue.infd.edu.ar\/sitio\/wp-json\/wp\/v2\/tags?post=6162"}],"curies":[{"name":"wp","href":"https:\/\/api.w.org\/{rel}","templated":true}]}}