{"id":6137,"date":"2023-06-13T16:29:14","date_gmt":"2023-06-13T19:29:14","guid":{"rendered":"https:\/\/isfd19-bue.infd.edu.ar\/sitio\/?p=6137"},"modified":"2023-06-13T18:37:01","modified_gmt":"2023-06-13T21:37:01","slug":"dolor-en-la-comunidad-del-instituto-2","status":"publish","type":"post","link":"https:\/\/isfd19-bue.infd.edu.ar\/sitio\/dolor-en-la-comunidad-del-instituto-2\/","title":{"rendered":"Dolor en la comunidad del Instituto"},"content":{"rendered":"\n<p>Comunicamos con profundo pesar que el d\u00eda viernes 9 de junio falleci\u00f3 la estudiante Carina Minella de 3\u00b0 a\u00f1o del Profesorado de Ingl\u00e9s. Lamentablemente nos enteramos en el d\u00eda de hoy, por lo que ser\u00e1 esta jornada de reflexi\u00f3n y acompa\u00f1amiento a la familia y al grupo de Ingl\u00e9s. En la memoria de Carina, en el d\u00eda de ma\u00f1ana mi\u00e9rcoles no habr\u00e1 actividad en ninguna sede del Instituto en todos los turnos. Abrazamos a sus familiares, amigxs y compa\u00f1erxs.<\/p>\n","protected":false},"excerpt":{"rendered":"<p>Comunicamos con profundo pesar que el d\u00eda viernes 9 de junio falleci\u00f3 la estudiante Carina Minella de 3\u00b0 a\u00f1o del Profesorado de Ingl\u00e9s. Lamentablemente nos enteramos en el d\u00eda de hoy, por lo que ser\u00e1 esta jornada de reflexi\u00f3n y acompa\u00f1amiento a la familia y al grupo de Ingl\u00e9s. En la memoria de Carina, en &#8230; <a title=\"Dolor en la comunidad del Instituto\" class=\"read-more\" href=\"https:\/\/isfd19-bue.infd.edu.ar\/sitio\/dolor-en-la-comunidad-del-instituto-2\/\" aria-label=\"More on Dolor en la comunidad del Instituto\">[+]<\/a><\/p>\n","protected":false},"author":420,"featured_media":0,"comment_status":"open","ping_status":"open","sticky":false,"template":"","format":"standard","meta":[],"categories":[1],"tags":[],"acf":[],"_links":{"self":[{"href":"https:\/\/isfd19-bue.infd.edu.ar\/sitio\/wp-json\/wp\/v2\/posts\/6137"}],"collection":[{"href":"https:\/\/isfd19-bue.infd.edu.ar\/sitio\/wp-json\/wp\/v2\/posts"}],"about":[{"href":"https:\/\/isfd19-bue.infd.edu.ar\/sitio\/wp-json\/wp\/v2\/types\/post"}],"author":[{"embeddable":true,"href":"https:\/\/isfd19-bue.infd.edu.ar\/sitio\/wp-json\/wp\/v2\/users\/420"}],"replies":[{"embeddable":true,"href":"https:\/\/isfd19-bue.infd.edu.ar\/sitio\/wp-json\/wp\/v2\/comments?post=6137"}],"version-history":[{"count":3,"href":"https:\/\/isfd19-bue.infd.edu.ar\/sitio\/wp-json\/wp\/v2\/posts\/6137\/revisions"}],"predecessor-version":[{"id":6140,"href":"https:\/\/isfd19-bue.infd.edu.ar\/sitio\/wp-json\/wp\/v2\/posts\/6137\/revisions\/6140"}],"wp:attachment":[{"href":"https:\/\/isfd19-bue.infd.edu.ar\/sitio\/wp-json\/wp\/v2\/media?parent=6137"}],"wp:term":[{"taxonomy":"category","embeddable":true,"href":"https:\/\/isfd19-bue.infd.edu.ar\/sitio\/wp-json\/wp\/v2\/categories?post=6137"},{"taxonomy":"post_tag","embeddable":true,"href":"https:\/\/isfd19-bue.infd.edu.ar\/sitio\/wp-json\/wp\/v2\/tags?post=6137"}],"curies":[{"name":"wp","href":"https:\/\/api.w.org\/{rel}","templated":true}]}}