{"id":6134,"date":"2023-06-09T20:12:56","date_gmt":"2023-06-09T23:12:56","guid":{"rendered":"https:\/\/isfd19-bue.infd.edu.ar\/sitio\/?p=6134"},"modified":"2023-06-09T20:12:57","modified_gmt":"2023-06-09T23:12:57","slug":"proyecto-apoyo-pedagogico-a-escuelas-ape","status":"publish","type":"post","link":"https:\/\/isfd19-bue.infd.edu.ar\/sitio\/proyecto-apoyo-pedagogico-a-escuelas-ape\/","title":{"rendered":"Proyecto Apoyo Pedag\u00f3gico a Escuelas (APE)"},"content":{"rendered":"\n<p>Querida comunidad\u2026 \u00a1siguen llegando cosas buenas para nuestros espacios formativos!<\/p>\n\n\n\n<p>En esta oportunidad, les contamos del proyecto <strong>APE<\/strong>, que ha llegado con financiamiento del INFoD para realizar propuestas dirigidas a enriquecer las pr\u00e1cticas docentes en las escuelas primarias, al tiempo que fortalecer la formaci\u00f3n de nuestrxs practicantes y residentes. El financiamiento est\u00e1 destinado a materiales y recursos; y a horas institucionales para lxs profesorxs que est\u00e1n armando las propuestas.<\/p>\n\n\n\n<p>Hoy tuvimos nuestra primera reuni\u00f3n para hacer volar nuestras ganas\u2026 \u00a1y salieron ideas maravillosas para abordar el trabajo de alfabetizaci\u00f3n en el primer ciclo de la escuela primaria, articulando con el trabajo en el Campo de la Pr\u00e1ctica!&nbsp; Talleres de reflexi\u00f3n sobre la alfabetizaci\u00f3n inicial y los ambientes alfabetizadores con coformadorxs y docentes en formaci\u00f3n; talleres para bibliotecarixs; armado de \u201caulas modelo\u201d en el instituto; talleres con lxs ni\u00f1xs de las escuelas asociadas\u2026 y otras que se ir\u00e1n sumando.<\/p>\n\n\n\n<p>\u00bfQui\u00e9nes somos? Los entusiastas que participar\u00e1n en el armado de las propuestas \u2013a quienes agradecemos y aplaudimos el entusiasmo- Viviana Fixman, Victoria Islas, Paula Darwich, Gabriela Tofoni, Mat\u00edas Maccaferro, Virginia Perrone, L\u00eda Dist\u00e9fano, Catherine D\u2019Agostino, Mar\u00eda Jos\u00e9 Boronat, Clara Amor, Marcelo Carri\u00f3n, Cachela Caironi, Yamila Lucifora, Natalia Carobino, Romina Sonzini, Mar\u00eda Ridao; y todxs lxs profes de Campo que colaborar\u00e1n en la articulaci\u00f3n en las escuelas.<\/p>\n\n\n\n<p>Estamos realmente muy contentos de poder aprovechar estas iniciativas de la pol\u00edtica educativa nacional y provincial que fortalecen la formaci\u00f3n docente, con la creatividad, el entusiasmo y la alegr\u00eda de nuestrxs profesorxs.<\/p>\n\n\n\n<p>\u00a1Les seguiremos contando!<\/p>\n\n\n\n<p>Equipo Directivo<\/p>\n","protected":false},"excerpt":{"rendered":"<p>Querida comunidad\u2026 \u00a1siguen llegando cosas buenas para nuestros espacios formativos! En esta oportunidad, les contamos del proyecto APE, que ha llegado con financiamiento del INFoD para realizar propuestas dirigidas a enriquecer las pr\u00e1cticas docentes en las escuelas primarias, al tiempo que fortalecer la formaci\u00f3n de nuestrxs practicantes y residentes. El financiamiento est\u00e1 destinado a materiales &#8230; <a title=\"Proyecto Apoyo Pedag\u00f3gico a Escuelas (APE)\" class=\"read-more\" href=\"https:\/\/isfd19-bue.infd.edu.ar\/sitio\/proyecto-apoyo-pedagogico-a-escuelas-ape\/\" aria-label=\"More on Proyecto Apoyo Pedag\u00f3gico a Escuelas (APE)\">[+]<\/a><\/p>\n","protected":false},"author":4763,"featured_media":0,"comment_status":"open","ping_status":"open","sticky":false,"template":"","format":"standard","meta":[],"categories":[1],"tags":[],"acf":[],"_links":{"self":[{"href":"https:\/\/isfd19-bue.infd.edu.ar\/sitio\/wp-json\/wp\/v2\/posts\/6134"}],"collection":[{"href":"https:\/\/isfd19-bue.infd.edu.ar\/sitio\/wp-json\/wp\/v2\/posts"}],"about":[{"href":"https:\/\/isfd19-bue.infd.edu.ar\/sitio\/wp-json\/wp\/v2\/types\/post"}],"author":[{"embeddable":true,"href":"https:\/\/isfd19-bue.infd.edu.ar\/sitio\/wp-json\/wp\/v2\/users\/4763"}],"replies":[{"embeddable":true,"href":"https:\/\/isfd19-bue.infd.edu.ar\/sitio\/wp-json\/wp\/v2\/comments?post=6134"}],"version-history":[{"count":1,"href":"https:\/\/isfd19-bue.infd.edu.ar\/sitio\/wp-json\/wp\/v2\/posts\/6134\/revisions"}],"predecessor-version":[{"id":6136,"href":"https:\/\/isfd19-bue.infd.edu.ar\/sitio\/wp-json\/wp\/v2\/posts\/6134\/revisions\/6136"}],"wp:attachment":[{"href":"https:\/\/isfd19-bue.infd.edu.ar\/sitio\/wp-json\/wp\/v2\/media?parent=6134"}],"wp:term":[{"taxonomy":"category","embeddable":true,"href":"https:\/\/isfd19-bue.infd.edu.ar\/sitio\/wp-json\/wp\/v2\/categories?post=6134"},{"taxonomy":"post_tag","embeddable":true,"href":"https:\/\/isfd19-bue.infd.edu.ar\/sitio\/wp-json\/wp\/v2\/tags?post=6134"}],"curies":[{"name":"wp","href":"https:\/\/api.w.org\/{rel}","templated":true}]}}