{"id":6124,"date":"2023-06-05T13:15:49","date_gmt":"2023-06-05T16:15:49","guid":{"rendered":"https:\/\/isfd19-bue.infd.edu.ar\/sitio\/?p=6124"},"modified":"2023-06-05T13:15:51","modified_gmt":"2023-06-05T16:15:51","slug":"sede-almafuerte-turno-noche-suspension","status":"publish","type":"post","link":"https:\/\/isfd19-bue.infd.edu.ar\/sitio\/sede-almafuerte-turno-noche-suspension\/","title":{"rendered":"Sede Almafuerte. Turno noche suspensi\u00f3n"},"content":{"rendered":"\n<p>Estimada comunidad:<\/p>\n\n\n\n<p>Tal como anunci\u00e1ramos en el posteo anterior, ponemos en conocimiento la situaci\u00f3n. <\/p>\n\n\n\n<p>Elevada la situaci\u00f3n de emergencia al Consejo, estamos en comunicaci\u00f3n con la dependencia pertinente, pero a\u00fan no se ha solucionado el problema de la c\u00e1mara s\u00e9ptica. Por lo tanto, en el <strong>turno vespertino seguir\u00e1n suspendidas<\/strong> las clases presenciales el d\u00eda de <strong>hoy, lunes 5 de junio.<\/strong> <\/p>\n\n\n\n<p>Volveremos a informar esta noche por la situaci\u00f3n de ma\u00f1ana en el TM.<\/p>\n\n\n\n<p>Obviamente, invitamos a lxs profesorxs a mantener el contacto y la continuidad pedag\u00f3gica de manera virtual.<\/p>\n\n\n\n<p>Saludos.<\/p>\n\n\n\n<p>Equipo Directivo<\/p>\n","protected":false},"excerpt":{"rendered":"<p>Estimada comunidad: Tal como anunci\u00e1ramos en el posteo anterior, ponemos en conocimiento la situaci\u00f3n. Elevada la situaci\u00f3n de emergencia al Consejo, estamos en comunicaci\u00f3n con la dependencia pertinente, pero a\u00fan no se ha solucionado el problema de la c\u00e1mara s\u00e9ptica. Por lo tanto, en el turno vespertino seguir\u00e1n suspendidas las clases presenciales el d\u00eda de &#8230; <a title=\"Sede Almafuerte. Turno noche suspensi\u00f3n\" class=\"read-more\" href=\"https:\/\/isfd19-bue.infd.edu.ar\/sitio\/sede-almafuerte-turno-noche-suspension\/\" aria-label=\"More on Sede Almafuerte. Turno noche suspensi\u00f3n\">[+]<\/a><\/p>\n","protected":false},"author":4763,"featured_media":0,"comment_status":"open","ping_status":"open","sticky":false,"template":"","format":"standard","meta":[],"categories":[1],"tags":[],"acf":[],"_links":{"self":[{"href":"https:\/\/isfd19-bue.infd.edu.ar\/sitio\/wp-json\/wp\/v2\/posts\/6124"}],"collection":[{"href":"https:\/\/isfd19-bue.infd.edu.ar\/sitio\/wp-json\/wp\/v2\/posts"}],"about":[{"href":"https:\/\/isfd19-bue.infd.edu.ar\/sitio\/wp-json\/wp\/v2\/types\/post"}],"author":[{"embeddable":true,"href":"https:\/\/isfd19-bue.infd.edu.ar\/sitio\/wp-json\/wp\/v2\/users\/4763"}],"replies":[{"embeddable":true,"href":"https:\/\/isfd19-bue.infd.edu.ar\/sitio\/wp-json\/wp\/v2\/comments?post=6124"}],"version-history":[{"count":1,"href":"https:\/\/isfd19-bue.infd.edu.ar\/sitio\/wp-json\/wp\/v2\/posts\/6124\/revisions"}],"predecessor-version":[{"id":6125,"href":"https:\/\/isfd19-bue.infd.edu.ar\/sitio\/wp-json\/wp\/v2\/posts\/6124\/revisions\/6125"}],"wp:attachment":[{"href":"https:\/\/isfd19-bue.infd.edu.ar\/sitio\/wp-json\/wp\/v2\/media?parent=6124"}],"wp:term":[{"taxonomy":"category","embeddable":true,"href":"https:\/\/isfd19-bue.infd.edu.ar\/sitio\/wp-json\/wp\/v2\/categories?post=6124"},{"taxonomy":"post_tag","embeddable":true,"href":"https:\/\/isfd19-bue.infd.edu.ar\/sitio\/wp-json\/wp\/v2\/tags?post=6124"}],"curies":[{"name":"wp","href":"https:\/\/api.w.org\/{rel}","templated":true}]}}