{"id":6113,"date":"2023-05-31T14:11:25","date_gmt":"2023-05-31T17:11:25","guid":{"rendered":"https:\/\/isfd19-bue.infd.edu.ar\/sitio\/?p=6113"},"modified":"2023-05-31T14:11:27","modified_gmt":"2023-05-31T17:11:27","slug":"rutas-pedagogicas-gracias-gracias","status":"publish","type":"post","link":"https:\/\/isfd19-bue.infd.edu.ar\/sitio\/rutas-pedagogicas-gracias-gracias\/","title":{"rendered":"Rutas Pedag\u00f3gicas: gracias, gracias"},"content":{"rendered":"\n<p>Queridxs docentes y docentes en formaci\u00f3n:<\/p>\n\n\n\n<p>El d\u00eda de ayer fue una jornada extensa e intensa, y enormemente gratificante. Emocionaba ver tantas personas con el anhelo de ser docentes compartiendo ideas, contando pensares, intercambiando experiencias, y a sus docentes formadorxs acompa\u00f1ando las reflexiones. <\/p>\n\n\n\n<p>Queremos decirles \u00a1MUCHAS GRACIAS! a todxs, por la participaci\u00f3n, el entusiasmo, el recibimiento a lxs compa\u00f1erxs de la Regi\u00f3n 3, las ganas de que \u00abno se corte\u00bb. <\/p>\n\n\n\n<p>Como una forma de sostener este espacio de encuentro, est\u00e1 el padlet. Los grupos fueron subiendo sus producciones, algunxs escribieron sensaciones e ideas, y seguir\u00e1 abierto para quienes quieran sumarse; y para compartir con las otras instituciones. <a rel=\"noreferrer noopener\" href=\"https:\/\/padlet.com\/regenciainstituto19\/rutas-pedag-gicas-encuentros-regi-n-3-y-regi-n-19-4rsqr5lbc0rdied8\" data-type=\"URL\" data-id=\"https:\/\/padlet.com\/regenciainstituto19\/rutas-pedag-gicas-encuentros-regi-n-3-y-regi-n-19-4rsqr5lbc0rdied8\" target=\"_blank\">https:\/\/padlet.com\/regenciainstituto19\/rutas-pedag-gicas-encuentros-regi-n-3-y-regi-n-19-4rsqr5lbc0rdied8<\/a><\/p>\n\n\n\n<p>Abrazo a todxs<\/p>\n\n\n\n<p>Equipo Directivo<\/p>\n","protected":false},"excerpt":{"rendered":"<p>Queridxs docentes y docentes en formaci\u00f3n: El d\u00eda de ayer fue una jornada extensa e intensa, y enormemente gratificante. Emocionaba ver tantas personas con el anhelo de ser docentes compartiendo ideas, contando pensares, intercambiando experiencias, y a sus docentes formadorxs acompa\u00f1ando las reflexiones. Queremos decirles \u00a1MUCHAS GRACIAS! a todxs, por la participaci\u00f3n, el entusiasmo, el &#8230; <a title=\"Rutas Pedag\u00f3gicas: gracias, gracias\" class=\"read-more\" href=\"https:\/\/isfd19-bue.infd.edu.ar\/sitio\/rutas-pedagogicas-gracias-gracias\/\" aria-label=\"More on Rutas Pedag\u00f3gicas: gracias, gracias\">[+]<\/a><\/p>\n","protected":false},"author":4763,"featured_media":6114,"comment_status":"open","ping_status":"open","sticky":false,"template":"","format":"standard","meta":[],"categories":[1],"tags":[],"acf":[],"_links":{"self":[{"href":"https:\/\/isfd19-bue.infd.edu.ar\/sitio\/wp-json\/wp\/v2\/posts\/6113"}],"collection":[{"href":"https:\/\/isfd19-bue.infd.edu.ar\/sitio\/wp-json\/wp\/v2\/posts"}],"about":[{"href":"https:\/\/isfd19-bue.infd.edu.ar\/sitio\/wp-json\/wp\/v2\/types\/post"}],"author":[{"embeddable":true,"href":"https:\/\/isfd19-bue.infd.edu.ar\/sitio\/wp-json\/wp\/v2\/users\/4763"}],"replies":[{"embeddable":true,"href":"https:\/\/isfd19-bue.infd.edu.ar\/sitio\/wp-json\/wp\/v2\/comments?post=6113"}],"version-history":[{"count":2,"href":"https:\/\/isfd19-bue.infd.edu.ar\/sitio\/wp-json\/wp\/v2\/posts\/6113\/revisions"}],"predecessor-version":[{"id":6116,"href":"https:\/\/isfd19-bue.infd.edu.ar\/sitio\/wp-json\/wp\/v2\/posts\/6113\/revisions\/6116"}],"wp:featuredmedia":[{"embeddable":true,"href":"https:\/\/isfd19-bue.infd.edu.ar\/sitio\/wp-json\/wp\/v2\/media\/6114"}],"wp:attachment":[{"href":"https:\/\/isfd19-bue.infd.edu.ar\/sitio\/wp-json\/wp\/v2\/media?parent=6113"}],"wp:term":[{"taxonomy":"category","embeddable":true,"href":"https:\/\/isfd19-bue.infd.edu.ar\/sitio\/wp-json\/wp\/v2\/categories?post=6113"},{"taxonomy":"post_tag","embeddable":true,"href":"https:\/\/isfd19-bue.infd.edu.ar\/sitio\/wp-json\/wp\/v2\/tags?post=6113"}],"curies":[{"name":"wp","href":"https:\/\/api.w.org\/{rel}","templated":true}]}}