{"id":5690,"date":"2022-11-15T17:54:51","date_gmt":"2022-11-15T20:54:51","guid":{"rendered":"https:\/\/isfd19-bue.infd.edu.ar\/sitio\/?p=5690"},"modified":"2022-11-15T17:54:52","modified_gmt":"2022-11-15T20:54:52","slug":"el-futuro-llego-hace-rato-la-copa-del-mundo-futbol-capitalismo-y-nacionalismo","status":"publish","type":"post","link":"https:\/\/isfd19-bue.infd.edu.ar\/sitio\/el-futuro-llego-hace-rato-la-copa-del-mundo-futbol-capitalismo-y-nacionalismo\/","title":{"rendered":"El Futuro lleg\u00f3 hace rato | La Copa del Mundo: f\u00fatbol, capitalismo y nacionalismo."},"content":{"rendered":"\n<p class=\"has-text-align-left\"><em>El f\u00fatbol es una de las pr\u00e1cticas culturales dominantes a escala global. Forma parte de nuestras rutinas y pensamientos cotidianos. Parece evidente que una comprensi\u00f3n amplia de los procesos sociales contempor\u00e1neos no puede dejar de mencionar a la Copa del Mundo como uno de sus escenarios privilegiados. Los efectos de este evento en la sociedad de consumo tienen un car\u00e1cter dominante e interventor sobre nuestros deseos, sobre todo en la construcci\u00f3n de nuestra subjetividad.<\/em><\/p>\n\n\n\n<p><em>\u00bfC\u00f3mo se transform\u00f3 la Copa del Mundo en un acontecimiento cultural ineludible? \u00bfQu\u00e9 papel desempe\u00f1a este deporte-espect\u00e1culo en la conformaci\u00f3n de identidades nacionales? \u00bfC\u00f3mo influy\u00f3 e influye en lo social, lo pol\u00edtico y en nuestra intimidad?<\/em><\/p>\n\n\n\n<p style=\"font-size:10px\">Reflexiones sobre el Mundo Contempor\u00e1neo (Vol III)<\/p>\n\n\n\n<p><em>Lxs invito a tomarse un ratito para romper la rutina y venir al Club TRI<\/em><em> a charlar y reflexionar juntxs sobre estas (y otras) inquietudes. Un nuevo espacio para pensar colectivamente, en el que partiendo de diversos elementos de nuestra cultura popular, abordaremos diferentes problem\u00e1ticas y debates que constituyen nuestra realidad actual.<\/em><\/p>\n\n\n\n<p><em><strong>Viernes 18 de noviembre &#8211; 19.00  hs. CLUB TRI   XX DE SEPTIEMBRE 2650\u00a0&#8211;   ENTRADA GRATUITA<\/strong><\/em><\/p>\n","protected":false},"excerpt":{"rendered":"<p>El f\u00fatbol es una de las pr\u00e1cticas culturales dominantes a escala global. Forma parte de nuestras rutinas y pensamientos cotidianos. Parece evidente que una comprensi\u00f3n amplia de los procesos sociales contempor\u00e1neos no puede dejar de mencionar a la Copa del Mundo como uno de sus escenarios privilegiados. Los efectos de este evento en la sociedad &#8230; <a title=\"El Futuro lleg\u00f3 hace rato | La Copa del Mundo: f\u00fatbol, capitalismo y nacionalismo.\" class=\"read-more\" href=\"https:\/\/isfd19-bue.infd.edu.ar\/sitio\/el-futuro-llego-hace-rato-la-copa-del-mundo-futbol-capitalismo-y-nacionalismo\/\" aria-label=\"More on El Futuro lleg\u00f3 hace rato | La Copa del Mundo: f\u00fatbol, capitalismo y nacionalismo.\">[+]<\/a><\/p>\n","protected":false},"author":623,"featured_media":5691,"comment_status":"open","ping_status":"open","sticky":false,"template":"","format":"standard","meta":[],"categories":[1],"tags":[],"acf":[],"_links":{"self":[{"href":"https:\/\/isfd19-bue.infd.edu.ar\/sitio\/wp-json\/wp\/v2\/posts\/5690"}],"collection":[{"href":"https:\/\/isfd19-bue.infd.edu.ar\/sitio\/wp-json\/wp\/v2\/posts"}],"about":[{"href":"https:\/\/isfd19-bue.infd.edu.ar\/sitio\/wp-json\/wp\/v2\/types\/post"}],"author":[{"embeddable":true,"href":"https:\/\/isfd19-bue.infd.edu.ar\/sitio\/wp-json\/wp\/v2\/users\/623"}],"replies":[{"embeddable":true,"href":"https:\/\/isfd19-bue.infd.edu.ar\/sitio\/wp-json\/wp\/v2\/comments?post=5690"}],"version-history":[{"count":1,"href":"https:\/\/isfd19-bue.infd.edu.ar\/sitio\/wp-json\/wp\/v2\/posts\/5690\/revisions"}],"predecessor-version":[{"id":5692,"href":"https:\/\/isfd19-bue.infd.edu.ar\/sitio\/wp-json\/wp\/v2\/posts\/5690\/revisions\/5692"}],"wp:featuredmedia":[{"embeddable":true,"href":"https:\/\/isfd19-bue.infd.edu.ar\/sitio\/wp-json\/wp\/v2\/media\/5691"}],"wp:attachment":[{"href":"https:\/\/isfd19-bue.infd.edu.ar\/sitio\/wp-json\/wp\/v2\/media?parent=5690"}],"wp:term":[{"taxonomy":"category","embeddable":true,"href":"https:\/\/isfd19-bue.infd.edu.ar\/sitio\/wp-json\/wp\/v2\/categories?post=5690"},{"taxonomy":"post_tag","embeddable":true,"href":"https:\/\/isfd19-bue.infd.edu.ar\/sitio\/wp-json\/wp\/v2\/tags?post=5690"}],"curies":[{"name":"wp","href":"https:\/\/api.w.org\/{rel}","templated":true}]}}