{"id":5565,"date":"2022-10-17T08:54:12","date_gmt":"2022-10-17T11:54:12","guid":{"rendered":"https:\/\/isfd19-bue.infd.edu.ar\/sitio\/?p=5565"},"modified":"2022-10-17T08:54:13","modified_gmt":"2022-10-17T11:54:13","slug":"charla-salida-educativa-profesorado-de-geografia","status":"publish","type":"post","link":"https:\/\/isfd19-bue.infd.edu.ar\/sitio\/charla-salida-educativa-profesorado-de-geografia\/","title":{"rendered":"Charla \u00abSalida Educativa Profesorado de Geograf\u00eda\u00bb"},"content":{"rendered":"\n<p class=\"has-text-align-left\">   Por este medio, les comunico que el\u00a0<strong>Mi\u00e9rcoles 19\/10 a las 18.30 hs. en el aula SUM,<\/strong>\u00a0los estudiantes de 4to a\u00f1o del Profesorado y los docentes que organizaron y acompa\u00f1aron la experiencia, realizar\u00e1n una charla sobre la misma destinada a estudiantes y docentes de 1ro y 2do a\u00f1o de la carrera. El objetivo es incentivar el sentido pedag\u00f3gico formativo de este tipo de actividades como resultado de un trabajo colaborativo e interdisciplinario de docentes y estudiantes en los cursos avanzados de la carrera.<br>Se invita a todxs los docentes y estudiantes de 1ro y 2do a\u00f1o de la carrera  a participar de dicho evento.   <\/p>\n\n\n\n<p class=\"has-text-align-center\">  Gracias!<img decoding=\"async\" loading=\"lazy\" width=\"2560\" height=\"2560\" class=\"wp-image-5566\" style=\"width: 150px;\" src=\"https:\/\/isfd19-bue.infd.edu.ar\/sitio\/wp-content\/uploads\/2022\/10\/flyer-Charla-sobre-Salida-Educativa-Geografia-2022-scaled.jpg\" alt=\"\" srcset=\"https:\/\/isfd19-bue.infd.edu.ar\/sitio\/wp-content\/uploads\/2022\/10\/flyer-Charla-sobre-Salida-Educativa-Geografia-2022-scaled.jpg 2560w, https:\/\/isfd19-bue.infd.edu.ar\/sitio\/wp-content\/uploads\/2022\/10\/flyer-Charla-sobre-Salida-Educativa-Geografia-2022-1000x1000.jpg 1000w, https:\/\/isfd19-bue.infd.edu.ar\/sitio\/wp-content\/uploads\/2022\/10\/flyer-Charla-sobre-Salida-Educativa-Geografia-2022-1900x1900.jpg 1900w, https:\/\/isfd19-bue.infd.edu.ar\/sitio\/wp-content\/uploads\/2022\/10\/flyer-Charla-sobre-Salida-Educativa-Geografia-2022-500x500.jpg 500w, https:\/\/isfd19-bue.infd.edu.ar\/sitio\/wp-content\/uploads\/2022\/10\/flyer-Charla-sobre-Salida-Educativa-Geografia-2022-768x768.jpg 768w, https:\/\/isfd19-bue.infd.edu.ar\/sitio\/wp-content\/uploads\/2022\/10\/flyer-Charla-sobre-Salida-Educativa-Geografia-2022-1536x1536.jpg 1536w, https:\/\/isfd19-bue.infd.edu.ar\/sitio\/wp-content\/uploads\/2022\/10\/flyer-Charla-sobre-Salida-Educativa-Geografia-2022-2048x2048.jpg 2048w\" sizes=\"(max-width: 2560px) 100vw, 2560px\" \/><\/p>\n","protected":false},"excerpt":{"rendered":"<p>Por este medio, les comunico que el\u00a0Mi\u00e9rcoles 19\/10 a las 18.30 hs. en el aula SUM,\u00a0los estudiantes de 4to a\u00f1o del Profesorado y los docentes que organizaron y acompa\u00f1aron la experiencia, realizar\u00e1n una charla sobre la misma destinada a estudiantes y docentes de 1ro y 2do a\u00f1o de la carrera. El objetivo es incentivar el &#8230; <a title=\"Charla \u00abSalida Educativa Profesorado de Geograf\u00eda\u00bb\" class=\"read-more\" href=\"https:\/\/isfd19-bue.infd.edu.ar\/sitio\/charla-salida-educativa-profesorado-de-geografia\/\" aria-label=\"More on Charla \u00abSalida Educativa Profesorado de Geograf\u00eda\u00bb\">[+]<\/a><\/p>\n","protected":false},"author":623,"featured_media":0,"comment_status":"open","ping_status":"open","sticky":false,"template":"","format":"standard","meta":[],"categories":[1],"tags":[],"acf":[],"_links":{"self":[{"href":"https:\/\/isfd19-bue.infd.edu.ar\/sitio\/wp-json\/wp\/v2\/posts\/5565"}],"collection":[{"href":"https:\/\/isfd19-bue.infd.edu.ar\/sitio\/wp-json\/wp\/v2\/posts"}],"about":[{"href":"https:\/\/isfd19-bue.infd.edu.ar\/sitio\/wp-json\/wp\/v2\/types\/post"}],"author":[{"embeddable":true,"href":"https:\/\/isfd19-bue.infd.edu.ar\/sitio\/wp-json\/wp\/v2\/users\/623"}],"replies":[{"embeddable":true,"href":"https:\/\/isfd19-bue.infd.edu.ar\/sitio\/wp-json\/wp\/v2\/comments?post=5565"}],"version-history":[{"count":1,"href":"https:\/\/isfd19-bue.infd.edu.ar\/sitio\/wp-json\/wp\/v2\/posts\/5565\/revisions"}],"predecessor-version":[{"id":5567,"href":"https:\/\/isfd19-bue.infd.edu.ar\/sitio\/wp-json\/wp\/v2\/posts\/5565\/revisions\/5567"}],"wp:attachment":[{"href":"https:\/\/isfd19-bue.infd.edu.ar\/sitio\/wp-json\/wp\/v2\/media?parent=5565"}],"wp:term":[{"taxonomy":"category","embeddable":true,"href":"https:\/\/isfd19-bue.infd.edu.ar\/sitio\/wp-json\/wp\/v2\/categories?post=5565"},{"taxonomy":"post_tag","embeddable":true,"href":"https:\/\/isfd19-bue.infd.edu.ar\/sitio\/wp-json\/wp\/v2\/tags?post=5565"}],"curies":[{"name":"wp","href":"https:\/\/api.w.org\/{rel}","templated":true}]}}