{"id":5531,"date":"2022-10-14T22:41:27","date_gmt":"2022-10-15T01:41:27","guid":{"rendered":"https:\/\/isfd19-bue.infd.edu.ar\/sitio\/?p=5531"},"modified":"2022-10-14T22:41:28","modified_gmt":"2022-10-15T01:41:28","slug":"acto-dia-del-respeto-por-la-diversidad-cultural","status":"publish","type":"post","link":"https:\/\/isfd19-bue.infd.edu.ar\/sitio\/acto-dia-del-respeto-por-la-diversidad-cultural\/","title":{"rendered":"Acto \u00abD\u00eda del Respeto por la Diversidad Cultural\u00bb"},"content":{"rendered":"\n<p class=\"has-text-align-left\">En el d\u00eda de hoy se realiz\u00f3 el acto re-programado por el <strong>\u00abD\u00eda del Respeto por la Diversidad Cultural\u00bb<\/strong><\/p>\n\n\n\n<p class=\"has-text-align-left\">Agradecemos muy especialmente a los Profesores de 2do y 3er a\u00f1o, Prof. Juan Panutti, Prof. Leandro Padilla, Prof. Dami\u00e1n Campos Echeverr\u00eda Y a la Sra. preceptora Noelia Murua,  que junto a los estudiantes de 2do y 3er a\u00f1o del Profesorado de Geograf\u00eda,  nos convocaron a compartir un espacio de encuentro y respeto creativo y abierto a todes los  integrantes de nuestra querida instituci\u00f3n formadora.<\/p>\n\n\n\n<p class=\"has-text-align-left\">Agradecer por el compromiso, la responsabilidad y la actitud abierta en cada detalle del acto.<\/p>\n\n\n\n<p class=\"has-text-align-center\"><strong>A todes GRACIAS!!! <\/strong><\/p>\n","protected":false},"excerpt":{"rendered":"<p>En el d\u00eda de hoy se realiz\u00f3 el acto re-programado por el \u00abD\u00eda del Respeto por la Diversidad Cultural\u00bb Agradecemos muy especialmente a los Profesores de 2do y 3er a\u00f1o, Prof. Juan Panutti, Prof. Leandro Padilla, Prof. Dami\u00e1n Campos Echeverr\u00eda Y a la Sra. preceptora Noelia Murua, que junto a los estudiantes de 2do y &#8230; <a title=\"Acto \u00abD\u00eda del Respeto por la Diversidad Cultural\u00bb\" class=\"read-more\" href=\"https:\/\/isfd19-bue.infd.edu.ar\/sitio\/acto-dia-del-respeto-por-la-diversidad-cultural\/\" aria-label=\"More on Acto \u00abD\u00eda del Respeto por la Diversidad Cultural\u00bb\">[+]<\/a><\/p>\n","protected":false},"author":623,"featured_media":0,"comment_status":"open","ping_status":"open","sticky":false,"template":"","format":"standard","meta":[],"categories":[1],"tags":[],"acf":[],"_links":{"self":[{"href":"https:\/\/isfd19-bue.infd.edu.ar\/sitio\/wp-json\/wp\/v2\/posts\/5531"}],"collection":[{"href":"https:\/\/isfd19-bue.infd.edu.ar\/sitio\/wp-json\/wp\/v2\/posts"}],"about":[{"href":"https:\/\/isfd19-bue.infd.edu.ar\/sitio\/wp-json\/wp\/v2\/types\/post"}],"author":[{"embeddable":true,"href":"https:\/\/isfd19-bue.infd.edu.ar\/sitio\/wp-json\/wp\/v2\/users\/623"}],"replies":[{"embeddable":true,"href":"https:\/\/isfd19-bue.infd.edu.ar\/sitio\/wp-json\/wp\/v2\/comments?post=5531"}],"version-history":[{"count":1,"href":"https:\/\/isfd19-bue.infd.edu.ar\/sitio\/wp-json\/wp\/v2\/posts\/5531\/revisions"}],"predecessor-version":[{"id":5532,"href":"https:\/\/isfd19-bue.infd.edu.ar\/sitio\/wp-json\/wp\/v2\/posts\/5531\/revisions\/5532"}],"wp:attachment":[{"href":"https:\/\/isfd19-bue.infd.edu.ar\/sitio\/wp-json\/wp\/v2\/media?parent=5531"}],"wp:term":[{"taxonomy":"category","embeddable":true,"href":"https:\/\/isfd19-bue.infd.edu.ar\/sitio\/wp-json\/wp\/v2\/categories?post=5531"},{"taxonomy":"post_tag","embeddable":true,"href":"https:\/\/isfd19-bue.infd.edu.ar\/sitio\/wp-json\/wp\/v2\/tags?post=5531"}],"curies":[{"name":"wp","href":"https:\/\/api.w.org\/{rel}","templated":true}]}}