{"id":5340,"date":"2022-09-15T20:35:52","date_gmt":"2022-09-15T23:35:52","guid":{"rendered":"https:\/\/isfd19-bue.infd.edu.ar\/sitio\/?p=5340"},"modified":"2022-09-15T20:35:53","modified_gmt":"2022-09-15T23:35:53","slug":"suspension-del-encuentro-con-profesorxs-el-viernes-16-de-septiembre-en-batan","status":"publish","type":"post","link":"https:\/\/isfd19-bue.infd.edu.ar\/sitio\/suspension-del-encuentro-con-profesorxs-el-viernes-16-de-septiembre-en-batan\/","title":{"rendered":"Suspensi\u00f3n del encuentro con profesorxs el viernes 16 de Septiembre en Bat\u00e1n"},"content":{"rendered":"\n<p>Comunicamos que debido a la convocatoria realizada por la Sra. Inspectora Silvana Puebla al Equipo Directivo en el d\u00eda de ma\u00f1ana a las 18 hs., nos vemos en la obligaci\u00f3n de suspender la reuni\u00f3n por las Jornadas de revisi\u00f3n del RAM a realizarse en nuestra extensi\u00f3n \u00e1ulica de Bat\u00e1n en el horario de las 20 hs. En caso que lxs docentes que asistir\u00edan a dicho encuentro no puedieran asistir al que si se realizar\u00e1 en la sede de Almafuerte a las 16 hs., reprogramaremos para la semana pr\u00f3xima.<\/p>\n\n\n\n<p>Muchas gracias<\/p>\n","protected":false},"excerpt":{"rendered":"<p>Comunicamos que debido a la convocatoria realizada por la Sra. Inspectora Silvana Puebla al Equipo Directivo en el d\u00eda de ma\u00f1ana a las 18 hs., nos vemos en la obligaci\u00f3n de suspender la reuni\u00f3n por las Jornadas de revisi\u00f3n del RAM a realizarse en nuestra extensi\u00f3n \u00e1ulica de Bat\u00e1n en el horario de las 20 &#8230; <a title=\"Suspensi\u00f3n del encuentro con profesorxs el viernes 16 de Septiembre en Bat\u00e1n\" class=\"read-more\" href=\"https:\/\/isfd19-bue.infd.edu.ar\/sitio\/suspension-del-encuentro-con-profesorxs-el-viernes-16-de-septiembre-en-batan\/\" aria-label=\"More on Suspensi\u00f3n del encuentro con profesorxs el viernes 16 de Septiembre en Bat\u00e1n\">[+]<\/a><\/p>\n","protected":false},"author":420,"featured_media":0,"comment_status":"open","ping_status":"open","sticky":false,"template":"","format":"standard","meta":[],"categories":[1],"tags":[],"acf":[],"_links":{"self":[{"href":"https:\/\/isfd19-bue.infd.edu.ar\/sitio\/wp-json\/wp\/v2\/posts\/5340"}],"collection":[{"href":"https:\/\/isfd19-bue.infd.edu.ar\/sitio\/wp-json\/wp\/v2\/posts"}],"about":[{"href":"https:\/\/isfd19-bue.infd.edu.ar\/sitio\/wp-json\/wp\/v2\/types\/post"}],"author":[{"embeddable":true,"href":"https:\/\/isfd19-bue.infd.edu.ar\/sitio\/wp-json\/wp\/v2\/users\/420"}],"replies":[{"embeddable":true,"href":"https:\/\/isfd19-bue.infd.edu.ar\/sitio\/wp-json\/wp\/v2\/comments?post=5340"}],"version-history":[{"count":1,"href":"https:\/\/isfd19-bue.infd.edu.ar\/sitio\/wp-json\/wp\/v2\/posts\/5340\/revisions"}],"predecessor-version":[{"id":5341,"href":"https:\/\/isfd19-bue.infd.edu.ar\/sitio\/wp-json\/wp\/v2\/posts\/5340\/revisions\/5341"}],"wp:attachment":[{"href":"https:\/\/isfd19-bue.infd.edu.ar\/sitio\/wp-json\/wp\/v2\/media?parent=5340"}],"wp:term":[{"taxonomy":"category","embeddable":true,"href":"https:\/\/isfd19-bue.infd.edu.ar\/sitio\/wp-json\/wp\/v2\/categories?post=5340"},{"taxonomy":"post_tag","embeddable":true,"href":"https:\/\/isfd19-bue.infd.edu.ar\/sitio\/wp-json\/wp\/v2\/tags?post=5340"}],"curies":[{"name":"wp","href":"https:\/\/api.w.org\/{rel}","templated":true}]}}