{"id":5329,"date":"2022-09-11T12:16:44","date_gmt":"2022-09-11T15:16:44","guid":{"rendered":"https:\/\/isfd19-bue.infd.edu.ar\/sitio\/?p=5329"},"modified":"2022-09-11T12:16:45","modified_gmt":"2022-09-11T15:16:45","slug":"11-de-septiembre-dia-del-maestro-y-la-maestra","status":"publish","type":"post","link":"https:\/\/isfd19-bue.infd.edu.ar\/sitio\/11-de-septiembre-dia-del-maestro-y-la-maestra\/","title":{"rendered":"11 de Septiembre, d\u00eda del maestro y la maestra"},"content":{"rendered":"\n<p>En el calendario escolar de la provincia de Buenos Aires, esta fecha es una de las m\u00e1s significativas para la comunidad educativa. Maestras y maestros, educadoras y educadores se reconocen como parte de una historia com\u00fan y cuyos debates, a\u00fan abiertos, siguen presentando la necesidad de reflexionar y proponer nuevas estrategias y soluciones colectivas.<\/p>\n\n\n\n<p> El lugar de Sarmiento en la historia de la educaci\u00f3n argentina no est\u00e1 excento de  pol\u00e9mica y contradicci\u00f3n pero a\u00fan as\u00ed, es innegable su contribuci\u00f3n a la construcci\u00f3n y organizaci\u00f3n del sistema educativo p\u00fablico y nacional.<\/p>\n\n\n\n<p>En este per\u00edodo tambi\u00e9n desarrolla su amplia carrera Juana Manso, una educadora, escritora y periodista destacada que trabaj\u00f3 mano a mano con Sarmiento en su proyecto educativo.<\/p>\n\n\n\n<p>El 11 de septiembre, entonces, constituye una oportunidad   para renovar  la mirada hist\u00f3rica  de nuestro sistema educativo nacional,  poner en valor el trabajo docente en el pasado y en el presente y proponer nuevos horizontes centrados en la defensa de la educaci\u00f3n p\u00fablica, igualitaria e inclusiva. \u00a0<\/p>\n","protected":false},"excerpt":{"rendered":"<p>En el calendario escolar de la provincia de Buenos Aires, esta fecha es una de las m\u00e1s significativas para la comunidad educativa. Maestras y maestros, educadoras y educadores se reconocen como parte de una historia com\u00fan y cuyos debates, a\u00fan abiertos, siguen presentando la necesidad de reflexionar y proponer nuevas estrategias y soluciones colectivas. El &#8230; <a title=\"11 de Septiembre, d\u00eda del maestro y la maestra\" class=\"read-more\" href=\"https:\/\/isfd19-bue.infd.edu.ar\/sitio\/11-de-septiembre-dia-del-maestro-y-la-maestra\/\" aria-label=\"More on 11 de Septiembre, d\u00eda del maestro y la maestra\">[+]<\/a><\/p>\n","protected":false},"author":420,"featured_media":0,"comment_status":"open","ping_status":"open","sticky":false,"template":"","format":"standard","meta":[],"categories":[1],"tags":[],"acf":[],"_links":{"self":[{"href":"https:\/\/isfd19-bue.infd.edu.ar\/sitio\/wp-json\/wp\/v2\/posts\/5329"}],"collection":[{"href":"https:\/\/isfd19-bue.infd.edu.ar\/sitio\/wp-json\/wp\/v2\/posts"}],"about":[{"href":"https:\/\/isfd19-bue.infd.edu.ar\/sitio\/wp-json\/wp\/v2\/types\/post"}],"author":[{"embeddable":true,"href":"https:\/\/isfd19-bue.infd.edu.ar\/sitio\/wp-json\/wp\/v2\/users\/420"}],"replies":[{"embeddable":true,"href":"https:\/\/isfd19-bue.infd.edu.ar\/sitio\/wp-json\/wp\/v2\/comments?post=5329"}],"version-history":[{"count":1,"href":"https:\/\/isfd19-bue.infd.edu.ar\/sitio\/wp-json\/wp\/v2\/posts\/5329\/revisions"}],"predecessor-version":[{"id":5330,"href":"https:\/\/isfd19-bue.infd.edu.ar\/sitio\/wp-json\/wp\/v2\/posts\/5329\/revisions\/5330"}],"wp:attachment":[{"href":"https:\/\/isfd19-bue.infd.edu.ar\/sitio\/wp-json\/wp\/v2\/media?parent=5329"}],"wp:term":[{"taxonomy":"category","embeddable":true,"href":"https:\/\/isfd19-bue.infd.edu.ar\/sitio\/wp-json\/wp\/v2\/categories?post=5329"},{"taxonomy":"post_tag","embeddable":true,"href":"https:\/\/isfd19-bue.infd.edu.ar\/sitio\/wp-json\/wp\/v2\/tags?post=5329"}],"curies":[{"name":"wp","href":"https:\/\/api.w.org\/{rel}","templated":true}]}}