{"id":4382,"date":"2021-10-27T17:12:48","date_gmt":"2021-10-27T20:12:48","guid":{"rendered":"https:\/\/isfd19-bue.infd.edu.ar\/sitio\/?p=4382"},"modified":"2021-10-27T17:12:50","modified_gmt":"2021-10-27T20:12:50","slug":"charla-la-importancia-social-de-la-geografia","status":"publish","type":"post","link":"https:\/\/isfd19-bue.infd.edu.ar\/sitio\/charla-la-importancia-social-de-la-geografia\/","title":{"rendered":"Charla \u00abLa Importancia Social de la Geograf\u00eda\u00bb"},"content":{"rendered":"\n<p>Por este medio, se hace extensiva la invitaci\u00f3n a Profesores y docentes en formaci\u00f3n del Profesorado en Geograf\u00eda el d\u00eda <strong>Mi\u00e9rcoles 3\/11 a las 18.00 hs<\/strong>. en instalaciones de la UNMDP (Aula 60) y a cargo del Prof. Vicente Di Cione. La Charla es coordinada por el  Grupo de Investigaci\u00f3n Geogr\u00e1fica Facultad de Humanidades.<\/p>\n\n\n\n<p>Gracias!                                <img decoding=\"async\" loading=\"lazy\" width=\"484\" height=\"554\" class=\"wp-image-4383\" style=\"width: 150px;\" src=\"https:\/\/isfd19-bue.infd.edu.ar\/sitio\/wp-content\/uploads\/2021\/10\/Flyer-Charla-UNMDP-.jpg\" alt=\"\"><\/p>\n","protected":false},"excerpt":{"rendered":"<p>Por este medio, se hace extensiva la invitaci\u00f3n a Profesores y docentes en formaci\u00f3n del Profesorado en Geograf\u00eda el d\u00eda Mi\u00e9rcoles 3\/11 a las 18.00 hs. en instalaciones de la UNMDP (Aula 60) y a cargo del Prof. Vicente Di Cione. La Charla es coordinada por el Grupo de Investigaci\u00f3n Geogr\u00e1fica Facultad de Humanidades. Gracias!<\/p>\n","protected":false},"author":623,"featured_media":0,"comment_status":"open","ping_status":"open","sticky":false,"template":"","format":"standard","meta":[],"categories":[1],"tags":[],"acf":[],"_links":{"self":[{"href":"https:\/\/isfd19-bue.infd.edu.ar\/sitio\/wp-json\/wp\/v2\/posts\/4382"}],"collection":[{"href":"https:\/\/isfd19-bue.infd.edu.ar\/sitio\/wp-json\/wp\/v2\/posts"}],"about":[{"href":"https:\/\/isfd19-bue.infd.edu.ar\/sitio\/wp-json\/wp\/v2\/types\/post"}],"author":[{"embeddable":true,"href":"https:\/\/isfd19-bue.infd.edu.ar\/sitio\/wp-json\/wp\/v2\/users\/623"}],"replies":[{"embeddable":true,"href":"https:\/\/isfd19-bue.infd.edu.ar\/sitio\/wp-json\/wp\/v2\/comments?post=4382"}],"version-history":[{"count":1,"href":"https:\/\/isfd19-bue.infd.edu.ar\/sitio\/wp-json\/wp\/v2\/posts\/4382\/revisions"}],"predecessor-version":[{"id":4384,"href":"https:\/\/isfd19-bue.infd.edu.ar\/sitio\/wp-json\/wp\/v2\/posts\/4382\/revisions\/4384"}],"wp:attachment":[{"href":"https:\/\/isfd19-bue.infd.edu.ar\/sitio\/wp-json\/wp\/v2\/media?parent=4382"}],"wp:term":[{"taxonomy":"category","embeddable":true,"href":"https:\/\/isfd19-bue.infd.edu.ar\/sitio\/wp-json\/wp\/v2\/categories?post=4382"},{"taxonomy":"post_tag","embeddable":true,"href":"https:\/\/isfd19-bue.infd.edu.ar\/sitio\/wp-json\/wp\/v2\/tags?post=4382"}],"curies":[{"name":"wp","href":"https:\/\/api.w.org\/{rel}","templated":true}]}}