{"id":4377,"date":"2021-10-19T08:28:59","date_gmt":"2021-10-19T11:28:59","guid":{"rendered":"https:\/\/isfd19-bue.infd.edu.ar\/sitio\/?p=4377"},"modified":"2021-10-19T08:29:00","modified_gmt":"2021-10-19T11:29:00","slug":"red-argentina-del-paisaje","status":"publish","type":"post","link":"https:\/\/isfd19-bue.infd.edu.ar\/sitio\/red-argentina-del-paisaje\/","title":{"rendered":"Red Argentina del Paisaje"},"content":{"rendered":"\n<p>Desde el <strong>Campo de la Pr\u00e1ctica I<\/strong> del Profesorado en Educaci\u00f3n Primaria, hacemos extensiva esta invitaci\u00f3n enviada por la Prof. Patricia Suarez \u00abCiudad Creativa\u00bb y hacemos extensiva la invitaci\u00f3n a los estudiantes y docentes del <strong><em>Profesorado en Geograf\u00eda y el Profesorado en Biolog\u00eda<\/em>,<\/strong> dada la relevancia del tema y afinidad con las carreras. Se cita el correo enviado por los coordinadores de la Red Argentina del Paisaje, el programa actualizado y el formulario de Inscripci\u00f3n.<\/p>\n\n\n\n<p>\u00ab<em>A partir de la convocatoria de Onu H\u00e1bitat, los\u00a0NODOS de la\u00a0 \u00a0Red Argentina del Paisaje se suman a Octubre Urbano. El tema de este a\u00f1o \u00abAdaptar nuestras ciudades para la resiliencia clim\u00e1tica.\u00bb\u00a0<\/em><\/p>\n\n\n\n<p><em><strong>Del 18 \u00a0 hasta el 30 de octubre,<\/strong> te invitamos a participar de Mesas de Caf\u00e9, Paneles de reflexi\u00f3n, Conferencias y Exposiciones que nos permitan pensar un paisaje urbano m\u00e1s resiliente y en estrategias de adaptaci\u00f3n a la crisis que presenta el cambio clim\u00e1tico.<\/em> <em>Ponemos sobre la mesa al PAISAJE URBANO como una dimensi\u00f3n integral que\u00a0bien gestionado abre el camino a\u00a0una nueva forma de construir ciudad, a partir de la participaci\u00f3n y el compromiso de todos. Hemos invitado a profesionales, organizaciones de la sociedad civil, referentes de municipios locales a escucharnos y pensar juntos distintas alternativas que permitan transformar nuestras ciudades y nuestras acciones en pos de lograr una mejor calidad de vida\u00a0a partir de lograr un entorno urbano de calidad.\u00bb<\/em><\/p>\n\n\n\n<p>&nbsp;IDEAS, PROYECTOS, ACCIONES, PROPUESTAS, REFLEXIONES\u2026<\/p>\n\n\n\n<p><a href=\"https:\/\/drive.google.com\/file\/d\/1wspV19WmrEZM77ZeRz3T92lDybjsYvRb\/view\" target=\"_blank\" rel=\"noreferrer noopener\"><strong>PROGRAMA ACTUALIZADO&nbsp;<\/strong><\/a><\/p>\n\n\n\n<p>&nbsp;<strong><a href=\"https:\/\/forms.gle\/pS1H8YEcAkLd2FGo6\" target=\"_blank\" rel=\"noreferrer noopener\">FORMULARIO DE INSCRIPCI\u00d3N&nbsp;<\/a><\/strong><\/p>\n\n\n\n<p>Comisi\u00f3n Organizadora\u00a0\u00a0OCTUBRE URBANO 2021 Red Argentina del Paisaje<\/p>\n\n\n\n<p>Federaci\u00f3n de Nodos de la Rep\u00fablica Argentina&nbsp;<\/p>\n\n\n\n<p><\/p>\n","protected":false},"excerpt":{"rendered":"<p>Desde el Campo de la Pr\u00e1ctica I del Profesorado en Educaci\u00f3n Primaria, hacemos extensiva esta invitaci\u00f3n enviada por la Prof. Patricia Suarez \u00abCiudad Creativa\u00bb y hacemos extensiva la invitaci\u00f3n a los estudiantes y docentes del Profesorado en Geograf\u00eda y el Profesorado en Biolog\u00eda, dada la relevancia del tema y afinidad con las carreras. Se cita &#8230; <a title=\"Red Argentina del Paisaje\" class=\"read-more\" href=\"https:\/\/isfd19-bue.infd.edu.ar\/sitio\/red-argentina-del-paisaje\/\" aria-label=\"More on Red Argentina del Paisaje\">[+]<\/a><\/p>\n","protected":false},"author":623,"featured_media":4378,"comment_status":"open","ping_status":"open","sticky":false,"template":"","format":"standard","meta":[],"categories":[1],"tags":[],"acf":[],"_links":{"self":[{"href":"https:\/\/isfd19-bue.infd.edu.ar\/sitio\/wp-json\/wp\/v2\/posts\/4377"}],"collection":[{"href":"https:\/\/isfd19-bue.infd.edu.ar\/sitio\/wp-json\/wp\/v2\/posts"}],"about":[{"href":"https:\/\/isfd19-bue.infd.edu.ar\/sitio\/wp-json\/wp\/v2\/types\/post"}],"author":[{"embeddable":true,"href":"https:\/\/isfd19-bue.infd.edu.ar\/sitio\/wp-json\/wp\/v2\/users\/623"}],"replies":[{"embeddable":true,"href":"https:\/\/isfd19-bue.infd.edu.ar\/sitio\/wp-json\/wp\/v2\/comments?post=4377"}],"version-history":[{"count":1,"href":"https:\/\/isfd19-bue.infd.edu.ar\/sitio\/wp-json\/wp\/v2\/posts\/4377\/revisions"}],"predecessor-version":[{"id":4379,"href":"https:\/\/isfd19-bue.infd.edu.ar\/sitio\/wp-json\/wp\/v2\/posts\/4377\/revisions\/4379"}],"wp:featuredmedia":[{"embeddable":true,"href":"https:\/\/isfd19-bue.infd.edu.ar\/sitio\/wp-json\/wp\/v2\/media\/4378"}],"wp:attachment":[{"href":"https:\/\/isfd19-bue.infd.edu.ar\/sitio\/wp-json\/wp\/v2\/media?parent=4377"}],"wp:term":[{"taxonomy":"category","embeddable":true,"href":"https:\/\/isfd19-bue.infd.edu.ar\/sitio\/wp-json\/wp\/v2\/categories?post=4377"},{"taxonomy":"post_tag","embeddable":true,"href":"https:\/\/isfd19-bue.infd.edu.ar\/sitio\/wp-json\/wp\/v2\/tags?post=4377"}],"curies":[{"name":"wp","href":"https:\/\/api.w.org\/{rel}","templated":true}]}}