{"id":4374,"date":"2021-10-15T21:20:00","date_gmt":"2021-10-16T00:20:00","guid":{"rendered":"https:\/\/isfd19-bue.infd.edu.ar\/sitio\/?p=4374"},"modified":"2021-10-15T21:20:01","modified_gmt":"2021-10-16T00:20:01","slug":"3er-encuentro-estrategias-didacticas-y-esi","status":"publish","type":"post","link":"https:\/\/isfd19-bue.infd.edu.ar\/sitio\/3er-encuentro-estrategias-didacticas-y-esi\/","title":{"rendered":"3er Encuentro \u00abEstrategias Did\u00e1cticas y ESI\u00bb"},"content":{"rendered":"\n<p>En el Marco del Espacio de la Pr\u00e1ctica III del Profesorado en Geograf\u00eda, se convoca a todos los docentes en formaci\u00f3n  de la carrera y extensivo a docentes en formaci\u00f3n y docentes formadores de otras carreras interesados en el tema.<\/p>\n\n\n\n<p>El encuentro es el <strong>MARTES 19\/10 a las 18,30 hs.<\/strong> por el Zoom Institucional<\/p>\n\n\n\n<p><a href=\"https:\/\/us02web.zoom.us\/j\/89010635774?pwd=SlhTV0ZGeEtaS0E4blo0MEx2ZjlTUT09\">https:\/\/us02web.zoom.us\/j\/89010635774?pwd=SlhTV0ZGeEtaS0E4blo0MEx2ZjlTUT09<\/a><\/p>\n\n\n\n<p>Lxs Esperamos a todxs!<\/p>\n\n\n\n<p><\/p>\n\n\n\n<p><\/p>\n\n\n\n<p><\/p>\n\n\n\n<p><\/p>\n\n\n\n<p><\/p>\n\n\n\n<p><\/p>\n\n\n\n<p><\/p>\n\n\n\n<p><\/p>\n","protected":false},"excerpt":{"rendered":"<p>En el Marco del Espacio de la Pr\u00e1ctica III del Profesorado en Geograf\u00eda, se convoca a todos los docentes en formaci\u00f3n de la carrera y extensivo a docentes en formaci\u00f3n y docentes formadores de otras carreras interesados en el tema. El encuentro es el MARTES 19\/10 a las 18,30 hs. por el Zoom Institucional https:\/\/us02web.zoom.us\/j\/89010635774?pwd=SlhTV0ZGeEtaS0E4blo0MEx2ZjlTUT09 &#8230; <a title=\"3er Encuentro \u00abEstrategias Did\u00e1cticas y ESI\u00bb\" class=\"read-more\" href=\"https:\/\/isfd19-bue.infd.edu.ar\/sitio\/3er-encuentro-estrategias-didacticas-y-esi\/\" aria-label=\"More on 3er Encuentro \u00abEstrategias Did\u00e1cticas y ESI\u00bb\">[+]<\/a><\/p>\n","protected":false},"author":623,"featured_media":4375,"comment_status":"open","ping_status":"open","sticky":false,"template":"","format":"standard","meta":[],"categories":[1],"tags":[],"acf":[],"_links":{"self":[{"href":"https:\/\/isfd19-bue.infd.edu.ar\/sitio\/wp-json\/wp\/v2\/posts\/4374"}],"collection":[{"href":"https:\/\/isfd19-bue.infd.edu.ar\/sitio\/wp-json\/wp\/v2\/posts"}],"about":[{"href":"https:\/\/isfd19-bue.infd.edu.ar\/sitio\/wp-json\/wp\/v2\/types\/post"}],"author":[{"embeddable":true,"href":"https:\/\/isfd19-bue.infd.edu.ar\/sitio\/wp-json\/wp\/v2\/users\/623"}],"replies":[{"embeddable":true,"href":"https:\/\/isfd19-bue.infd.edu.ar\/sitio\/wp-json\/wp\/v2\/comments?post=4374"}],"version-history":[{"count":1,"href":"https:\/\/isfd19-bue.infd.edu.ar\/sitio\/wp-json\/wp\/v2\/posts\/4374\/revisions"}],"predecessor-version":[{"id":4376,"href":"https:\/\/isfd19-bue.infd.edu.ar\/sitio\/wp-json\/wp\/v2\/posts\/4374\/revisions\/4376"}],"wp:featuredmedia":[{"embeddable":true,"href":"https:\/\/isfd19-bue.infd.edu.ar\/sitio\/wp-json\/wp\/v2\/media\/4375"}],"wp:attachment":[{"href":"https:\/\/isfd19-bue.infd.edu.ar\/sitio\/wp-json\/wp\/v2\/media?parent=4374"}],"wp:term":[{"taxonomy":"category","embeddable":true,"href":"https:\/\/isfd19-bue.infd.edu.ar\/sitio\/wp-json\/wp\/v2\/categories?post=4374"},{"taxonomy":"post_tag","embeddable":true,"href":"https:\/\/isfd19-bue.infd.edu.ar\/sitio\/wp-json\/wp\/v2\/tags?post=4374"}],"curies":[{"name":"wp","href":"https:\/\/api.w.org\/{rel}","templated":true}]}}