{"id":4370,"date":"2021-10-11T13:19:43","date_gmt":"2021-10-11T16:19:43","guid":{"rendered":"https:\/\/isfd19-bue.infd.edu.ar\/sitio\/?p=4370"},"modified":"2021-10-11T13:19:44","modified_gmt":"2021-10-11T16:19:44","slug":"dia-del-respeto-a-la-diversidad-cultural-2","status":"publish","type":"post","link":"https:\/\/isfd19-bue.infd.edu.ar\/sitio\/dia-del-respeto-a-la-diversidad-cultural-2\/","title":{"rendered":"D\u00eda del Respeto a la  Diversidad Cultural"},"content":{"rendered":"\n<p>Fecha instituida para promover la reflexi\u00f3n respecto de la interculturalidad en Latinoam\u00e9rica y el reconocimiento y respeto por los derechos humanos de los pueblos originarios.<\/p>\n\n\n\n<p>El 12 de octubre fue reconocido hasta 2010 como D\u00eda de la Raza y conmemoraba la llegada de Crist\u00f3bal Col\u00f3n a Am\u00e9rica y la uni\u00f3n del Viejo Mundo con el Nuevo Mundo. Sin embargo,&nbsp;en 2010&nbsp;se&nbsp;modifica la denominaci\u00f3n&nbsp;por el de D\u00eda del Respeto a la Diversidad Cultural, dotando a dicha fecha, de un significado acorde al valor que asigna nuestra Constituci\u00f3n Nacional y diversos tratados y declaraciones de derechos humanos a la diversidad \u00e9tnica y cultural de todos los pueblos.<\/p>\n\n\n\n<p>Actualmente, esta fecha invita a todos los organismos, instituciones y la poblaci\u00f3n entera a realizar una reflexi\u00f3n permanente sobre la historia de nuestros pa\u00edses y mantener un di\u00e1logo abierto entre las distintas culturas, todo con el objetivo de generar Estados donde predominen las v\u00edas democr\u00e1ticas para la soluci\u00f3n de conflictos que puedan suscitarse entre las distintas culturas que habitan sobre un mismo territorio, con costumbres e instituciones.<\/p>\n\n\n\n<p>A continuaci\u00f3n compartimos una canci\u00f3n alusiva a la fecha<\/p>\n\n\n\n<figure class=\"wp-block-embed is-type-video is-provider-youtube wp-block-embed-youtube wp-embed-aspect-16-9 wp-has-aspect-ratio\"><div class=\"wp-block-embed__wrapper\">\n<iframe loading=\"lazy\" title=\"Cancion Con todos (Con Letra) Diversidad Cultural\" width=\"1200\" height=\"675\" src=\"https:\/\/www.youtube.com\/embed\/blLEEvKcNBU?feature=oembed\" frameborder=\"0\" allow=\"accelerometer; autoplay; clipboard-write; encrypted-media; gyroscope; picture-in-picture\" allowfullscreen><\/iframe>\n<\/div><\/figure>\n\n\n\n<p><\/p>\n","protected":false},"excerpt":{"rendered":"<p>Fecha instituida para promover la reflexi\u00f3n respecto de la interculturalidad en Latinoam\u00e9rica y el reconocimiento y respeto por los derechos humanos de los pueblos originarios. El 12 de octubre fue reconocido hasta 2010 como D\u00eda de la Raza y conmemoraba la llegada de Crist\u00f3bal Col\u00f3n a Am\u00e9rica y la uni\u00f3n del Viejo Mundo con el &#8230; <a title=\"D\u00eda del Respeto a la  Diversidad Cultural\" class=\"read-more\" href=\"https:\/\/isfd19-bue.infd.edu.ar\/sitio\/dia-del-respeto-a-la-diversidad-cultural-2\/\" aria-label=\"More on D\u00eda del Respeto a la  Diversidad Cultural\">[+]<\/a><\/p>\n","protected":false},"author":623,"featured_media":0,"comment_status":"open","ping_status":"open","sticky":false,"template":"","format":"standard","meta":[],"categories":[1],"tags":[],"acf":[],"_links":{"self":[{"href":"https:\/\/isfd19-bue.infd.edu.ar\/sitio\/wp-json\/wp\/v2\/posts\/4370"}],"collection":[{"href":"https:\/\/isfd19-bue.infd.edu.ar\/sitio\/wp-json\/wp\/v2\/posts"}],"about":[{"href":"https:\/\/isfd19-bue.infd.edu.ar\/sitio\/wp-json\/wp\/v2\/types\/post"}],"author":[{"embeddable":true,"href":"https:\/\/isfd19-bue.infd.edu.ar\/sitio\/wp-json\/wp\/v2\/users\/623"}],"replies":[{"embeddable":true,"href":"https:\/\/isfd19-bue.infd.edu.ar\/sitio\/wp-json\/wp\/v2\/comments?post=4370"}],"version-history":[{"count":2,"href":"https:\/\/isfd19-bue.infd.edu.ar\/sitio\/wp-json\/wp\/v2\/posts\/4370\/revisions"}],"predecessor-version":[{"id":4373,"href":"https:\/\/isfd19-bue.infd.edu.ar\/sitio\/wp-json\/wp\/v2\/posts\/4370\/revisions\/4373"}],"wp:attachment":[{"href":"https:\/\/isfd19-bue.infd.edu.ar\/sitio\/wp-json\/wp\/v2\/media?parent=4370"}],"wp:term":[{"taxonomy":"category","embeddable":true,"href":"https:\/\/isfd19-bue.infd.edu.ar\/sitio\/wp-json\/wp\/v2\/categories?post=4370"},{"taxonomy":"post_tag","embeddable":true,"href":"https:\/\/isfd19-bue.infd.edu.ar\/sitio\/wp-json\/wp\/v2\/tags?post=4370"}],"curies":[{"name":"wp","href":"https:\/\/api.w.org\/{rel}","templated":true}]}}