{"id":4361,"date":"2021-10-05T09:32:32","date_gmt":"2021-10-05T12:32:32","guid":{"rendered":"https:\/\/isfd19-bue.infd.edu.ar\/sitio\/?p=4361"},"modified":"2021-10-05T11:51:54","modified_gmt":"2021-10-05T14:51:54","slug":"organizacion-acto-de-colacion-2021","status":"publish","type":"post","link":"https:\/\/isfd19-bue.infd.edu.ar\/sitio\/organizacion-acto-de-colacion-2021\/","title":{"rendered":"Organizaci\u00f3n Acto de Colaci\u00f3n 2021"},"content":{"rendered":"\n<div>Les comunicamos algunas cuestiones organizativas que tienen que ver con decisiones institucionales en relaci\u00f3n a la situaci\u00f3n sanitaria actual y a la cantidad de egresados\/as en este acto de colaci\u00f3n.<\/div>\n<div style=\"border-left: solid 4px silver; margin: 10px auto 10px 15px; padding: 0px 0px 0px 10px;\">Cada egresado\/a podr\u00e1 concurrir con dos acompa\u00f1antes.<\/div>\n<div style=\"border-left: solid 4px silver; margin: 10px auto 10px 15px; padding: 0px 0px 0px 10px;\">Se entregar\u00e1 constancia de participaci\u00f3n al acto, a quienes lo requieran, ese d\u00eda.<\/div>\n<div style=\"border-left: solid 4px silver; margin: 10px auto 10px 15px; padding: 0px 0px 0px 10px;\">Se organiz\u00f3 en dos turnos, distribuidos por carreras, en funci\u00f3n de la cantidad de egresadas\/os, para poder cumplir con los protocolos vigentes. Por esta raz\u00f3n, se debe respetar el turno asignado.<\/div>\n<div style=\"border-left: solid 4px silver; margin: 10px auto 10px 15px; padding: 0px 0px 0px 10px;\">Estimamos que la ceremonia no se extender\u00e1 m\u00e1s all\u00e1 de las dos horas.<\/div>\n<div style=\"border-left: solid 4px silver; margin: 10px auto 10px 15px; padding: 0px 0px 0px 10px;\">Se les comunicar\u00e1 el agrupamiento en el que estar\u00e1n ubicados\/as ese d\u00eda, y el espacio asignado.<\/div>\n<div>Les dejamos la n\u00f3mina de egresadas\/os, dado que no hemos recibido respuesta de la totalidad, ya que enviamos la invitaci\u00f3n a la casilla de correo con la que contaba nuestro sistema administrativo y pueden haber ocurrido cambios en los contactos.<\/div>\n<div><\/div>\n<div>\n<table cellspacing=\"0\" cellpadding=\"2\">\n<tbody>\n<tr>\n<th style=\"text-align:center;\">NOMBRE<\/th>\n<th style=\"text-align:center;\">CARRERA<\/th>\n<\/tr>\n<tr>\n<td>ALARCON, FLORENCIA LUJAN<\/td>\n<td>Profesor\/a de Educaci\u00f3n Especial con orientaci\u00f3n en Discapacidad Intelectual<\/td>\n<\/tr>\n<tr>\n<td>ALBANI, PABLO EMMANUEL<\/td>\n<td>Profesor\/a de Educaci\u00f3n Especial con orientaci\u00f3n en Discapacidad Intelectual<\/td>\n<\/tr>\n<tr>\n<td>ALONSO, DENISE MILAGROS<\/td>\n<td>Profesor\/a de Educaci\u00f3n Especial con orientaci\u00f3n en Discapacidad Intelectual<\/td>\n<\/tr>\n<tr>\n<td>ALTERATS, RAQUEL MAR\u00cdA<\/td>\n<td>Profesor\/a de Educaci\u00f3n Especial con orientaci\u00f3n en Discapacidad Intelectual<\/td>\n<\/tr>\n<tr>\n<td>AMORETTI, ANA JAZM\u00cdN DAFNE<\/td>\n<td>Profesor\/a de Educaci\u00f3n Especial con orientaci\u00f3n en Discapacidad Intelectual<\/td>\n<\/tr>\n<tr>\n<td>ANDRADA VIZCARRA, ROC\u00cdO BEL\u00c9N<\/td>\n<td>Profesor\/a de Educaci\u00f3n Especial con orientaci\u00f3n en Discapacidad Intelectual<\/td>\n<\/tr>\n<tr>\n<td>ARAYA, DAIANA PAMELA<\/td>\n<td>Profesor\/a de Educaci\u00f3n Especial con orientaci\u00f3n en Discapacidad Intelectual<\/td>\n<\/tr>\n<tr>\n<td>AROZARENA, AGOSTINA<\/td>\n<td>Profesor\/a de Educaci\u00f3n Especial con orientaci\u00f3n en Discapacidad Intelectual<\/td>\n<\/tr>\n<tr>\n<td>BLANCO, ELIANA GISEL<\/td>\n<td>Profesor\/a de Educaci\u00f3n Especial con orientaci\u00f3n en Discapacidad Intelectual<\/td>\n<\/tr>\n<tr>\n<td>CACCIAVILLANI, MICHELLE<\/td>\n<td>Profesor\/a de Educaci\u00f3n Especial con orientaci\u00f3n en Discapacidad Intelectual<\/td>\n<\/tr>\n<tr>\n<td>CALVE, ANA LAURA<\/td>\n<td>Profesor\/a de Educaci\u00f3n Especial con orientaci\u00f3n en Discapacidad Intelectual<\/td>\n<\/tr>\n<tr>\n<td>CASTA\u00d1O, ROMINA VANESA<\/td>\n<td>Profesor\/a de Educaci\u00f3n Especial con orientaci\u00f3n en Discapacidad Intelectual<\/td>\n<\/tr>\n<tr>\n<td>CEBALLOS PALLARO, FLORENCIA ELIZABETH<\/td>\n<td>Profesor\/a de Educaci\u00f3n Especial con orientaci\u00f3n en Discapacidad Intelectual<\/td>\n<\/tr>\n<tr>\n<td>CORIGLIANO, CHIARA<\/td>\n<td>Profesor\/a de Educaci\u00f3n Especial con orientaci\u00f3n en Discapacidad Intelectual<\/td>\n<\/tr>\n<tr>\n<td>CORREA, B\u00c1RBARA GISELE<\/td>\n<td>Profesor\/a de Educaci\u00f3n Especial con orientaci\u00f3n en Discapacidad Intelectual<\/td>\n<\/tr>\n<tr>\n<td>FARI\u00d1A, ANA PAULA<\/td>\n<td>Profesor\/a de Educaci\u00f3n Especial con orientaci\u00f3n en Discapacidad Intelectual<\/td>\n<\/tr>\n<tr>\n<td>GADEA IZAGUIRRE, WENDY<\/td>\n<td>Profesor\/a de Educaci\u00f3n Especial con orientaci\u00f3n en Discapacidad Intelectual<\/td>\n<\/tr>\n<tr>\n<td>GAGO, ARIADNA ANTONELLA<\/td>\n<td>Profesor\/a de Educaci\u00f3n Especial con orientaci\u00f3n en Discapacidad Intelectual<\/td>\n<\/tr>\n<tr>\n<td>GALVEZ, MAR\u00cdA LAURA<\/td>\n<td>Profesor\/a de Educaci\u00f3n Especial con orientaci\u00f3n en Discapacidad Intelectual<\/td>\n<\/tr>\n<tr>\n<td>GAMARRA, LORENA ELIZABETH<\/td>\n<td>Profesor\/a de Educaci\u00f3n Especial con orientaci\u00f3n en Discapacidad Intelectual<\/td>\n<\/tr>\n<tr>\n<td>GARCIA, F\u00c1TIMA BEL\u00c9N<\/td>\n<td>Profesor\/a de Educaci\u00f3n Especial con orientaci\u00f3n en Discapacidad Intelectual<\/td>\n<\/tr>\n<tr>\n<td>GONZALEZ, MIRIAM CECILIA<\/td>\n<td>Profesor\/a de Educaci\u00f3n Especial con orientaci\u00f3n en Discapacidad Intelectual<\/td>\n<\/tr>\n<tr>\n<td>GONZ\u00c1LEZ, MELISA PAOLA<\/td>\n<td>Profesor\/a de Educaci\u00f3n Especial con orientaci\u00f3n en Discapacidad Intelectual<\/td>\n<\/tr>\n<tr>\n<td>GUNTREN, KAREN RUTH<\/td>\n<td>Profesor\/a de Educaci\u00f3n Especial con orientaci\u00f3n en Discapacidad Intelectual<\/td>\n<\/tr>\n<tr>\n<td>HERNANDEZ GABIRONDO, ANA VIRGINIA<\/td>\n<td>Profesor\/a de Educaci\u00f3n Especial con orientaci\u00f3n en Discapacidad Intelectual<\/td>\n<\/tr>\n<tr>\n<td>HERN\u00c1NDEZ, MARIANELA<\/td>\n<td>Profesor\/a de Educaci\u00f3n Especial con orientaci\u00f3n en Discapacidad Intelectual<\/td>\n<\/tr>\n<tr>\n<td>HERRERA, DAIANA GISELE<\/td>\n<td>Profesor\/a de Educaci\u00f3n Especial con orientaci\u00f3n en Discapacidad Intelectual<\/td>\n<\/tr>\n<tr>\n<td>JULIAN, CECILIA LUCIA<\/td>\n<td>Profesor\/a de Educaci\u00f3n Especial con orientaci\u00f3n en Discapacidad Intelectual<\/td>\n<\/tr>\n<tr>\n<td>KOYUK, MARIA NOELIA<\/td>\n<td>Profesor\/a de Educaci\u00f3n Especial con orientaci\u00f3n en Discapacidad Intelectual<\/td>\n<\/tr>\n<tr>\n<td>LACASA, MAR\u00cdA ELIANA ANTONELLA<\/td>\n<td>Profesor\/a de Educaci\u00f3n Especial con orientaci\u00f3n en Discapacidad Intelectual<\/td>\n<\/tr>\n<tr>\n<td>LARSEN, CAMILA ATENAS<\/td>\n<td>Profesor\/a de Educaci\u00f3n Especial con orientaci\u00f3n en Discapacidad Intelectual<\/td>\n<\/tr>\n<tr>\n<td>LIBERATORE, ALDANA ESTEFANIA<\/td>\n<td>Profesor\/a de Educaci\u00f3n Especial con orientaci\u00f3n en Discapacidad Intelectual<\/td>\n<\/tr>\n<tr>\n<td>LLERIAS, DAIANA<\/td>\n<td>Profesor\/a de Educaci\u00f3n Especial con orientaci\u00f3n en Discapacidad Intelectual<\/td>\n<\/tr>\n<tr>\n<td>LOPEZ AGUILERA, ROMINA DANIELA<\/td>\n<td>Profesor\/a de Educaci\u00f3n Especial con orientaci\u00f3n en Discapacidad Intelectual<\/td>\n<\/tr>\n<tr>\n<td>LOPEZ IRIGOYEN, SILVINA<\/td>\n<td>Profesor\/a de Educaci\u00f3n Especial con orientaci\u00f3n en Discapacidad Intelectual<\/td>\n<\/tr>\n<tr>\n<td>MAIZTEGUI, MAR\u00cdA PAULA<\/td>\n<td>Profesor\/a de Educaci\u00f3n Especial con orientaci\u00f3n en Discapacidad Intelectual<\/td>\n<\/tr>\n<tr>\n<td>MASTROMARINO, ANTONELA AYEL\u00c9N<\/td>\n<td>Profesor\/a de Educaci\u00f3n Especial con orientaci\u00f3n en Discapacidad Intelectual<\/td>\n<\/tr>\n<tr>\n<td>MENDIETA, ADELA GISEL<\/td>\n<td>Profesor\/a de Educaci\u00f3n Especial con orientaci\u00f3n en Discapacidad Intelectual<\/td>\n<\/tr>\n<tr>\n<td>MIRANDA, LORENA DE LOS ANGELES<\/td>\n<td>Profesor\/a de Educaci\u00f3n Especial con orientaci\u00f3n en Discapacidad Intelectual<\/td>\n<\/tr>\n<tr>\n<td>MONZ\u00d3N, LORENA IVANA<\/td>\n<td>Profesor\/a de Educaci\u00f3n Especial con orientaci\u00f3n en Discapacidad Intelectual<\/td>\n<\/tr>\n<tr>\n<td>MU\u00d1OZ, DEBORA JEANET<\/td>\n<td>Profesor\/a de Educaci\u00f3n Especial con orientaci\u00f3n en Discapacidad Intelectual<\/td>\n<\/tr>\n<tr>\n<td>MU\u00d1OZ, NICOLE ANAHI<\/td>\n<td>Profesor\/a de Educaci\u00f3n Especial con orientaci\u00f3n en Discapacidad Intelectual<\/td>\n<\/tr>\n<tr>\n<td>ORTIZ, TAMARA AYELEN<\/td>\n<td>Profesor\/a de Educaci\u00f3n Especial con orientaci\u00f3n en Discapacidad Intelectual<\/td>\n<\/tr>\n<tr>\n<td>OVEJERO, MICAELA SOLEDAD<\/td>\n<td>Profesor\/a de Educaci\u00f3n Especial con orientaci\u00f3n en Discapacidad Intelectual<\/td>\n<\/tr>\n<tr>\n<td>PEREZ, ANGELINA ANTONELA<\/td>\n<td>Profesor\/a de Educaci\u00f3n Especial con orientaci\u00f3n en Discapacidad Intelectual<\/td>\n<\/tr>\n<tr>\n<td>PIZZARIELLO, ADRIANA VANESA<\/td>\n<td>Profesor\/a de Educaci\u00f3n Especial con orientaci\u00f3n en Discapacidad Intelectual<\/td>\n<\/tr>\n<tr>\n<td>RABAINERA, LEONELA ABIGAIL<\/td>\n<td>Profesor\/a de Educaci\u00f3n Especial con orientaci\u00f3n en Discapacidad Intelectual<\/td>\n<\/tr>\n<tr>\n<td>REWERSKI, DAIANA ROMINA<\/td>\n<td>Profesor\/a de Educaci\u00f3n Especial con orientaci\u00f3n en Discapacidad Intelectual<\/td>\n<\/tr>\n<tr>\n<td>RODRIGO, MARIANA<\/td>\n<td>Profesor\/a de Educaci\u00f3n Especial con orientaci\u00f3n en Discapacidad Intelectual<\/td>\n<\/tr>\n<tr>\n<td>RODRIGUEZ, IARA NAIQUEN<\/td>\n<td>Profesor\/a de Educaci\u00f3n Especial con orientaci\u00f3n en Discapacidad Intelectual<\/td>\n<\/tr>\n<tr>\n<td>SABATINI, CANDELARIA<\/td>\n<td>Profesor\/a de Educaci\u00f3n Especial con orientaci\u00f3n en Discapacidad Intelectual<\/td>\n<\/tr>\n<tr>\n<td>SALAZAR, DANIELA AGUSTINA<\/td>\n<td>Profesor\/a de Educaci\u00f3n Especial con orientaci\u00f3n en Discapacidad Intelectual<\/td>\n<\/tr>\n<tr>\n<td>SANCHEZ, YAMILA ALEJANDRA<\/td>\n<td>Profesor\/a de Educaci\u00f3n Especial con orientaci\u00f3n en Discapacidad Intelectual<\/td>\n<\/tr>\n<tr>\n<td>SANDES, SILVANA LORENA<\/td>\n<td>Profesor\/a de Educaci\u00f3n Especial con orientaci\u00f3n en Discapacidad Intelectual<\/td>\n<\/tr>\n<tr>\n<td>SANTUCHO, ROSA MARISOL<\/td>\n<td>Profesor\/a de Educaci\u00f3n Especial con orientaci\u00f3n en Discapacidad Intelectual<\/td>\n<\/tr>\n<tr>\n<td>SCIOLLA, DANIELA VICTORIA<\/td>\n<td>Profesor\/a de Educaci\u00f3n Especial con orientaci\u00f3n en Discapacidad Intelectual<\/td>\n<\/tr>\n<tr>\n<td>SENA, CAMILA<\/td>\n<td>Profesor\/a de Educaci\u00f3n Especial con orientaci\u00f3n en Discapacidad Intelectual<\/td>\n<\/tr>\n<tr>\n<td>SULPIZIO, MELINA<\/td>\n<td>Profesor\/a de Educaci\u00f3n Especial con orientaci\u00f3n en Discapacidad Intelectual<\/td>\n<\/tr>\n<tr>\n<td>TORRES, BRENDA AGUSTINA<\/td>\n<td>Profesor\/a de Educaci\u00f3n Especial con orientaci\u00f3n en Discapacidad Intelectual<\/td>\n<\/tr>\n<tr>\n<td>TRELLES, CECILIA NATALIA<\/td>\n<td>Profesor\/a de Educaci\u00f3n Especial con orientaci\u00f3n en Discapacidad Intelectual<\/td>\n<\/tr>\n<tr>\n<td>VALIANI, GABRIELA MARIA ESTHER<\/td>\n<td>Profesor\/a de Educaci\u00f3n Especial con orientaci\u00f3n en Discapacidad Intelectual<\/td>\n<\/tr>\n<tr>\n<td>ZINGARELLI, LUCIA<\/td>\n<td>Profesor\/a de Educaci\u00f3n Especial con orientaci\u00f3n en Discapacidad Intelectual<\/td>\n<\/tr>\n<tr>\n<td>ACU\u00d1A, NICOLAS EDUARDO<\/td>\n<td>Profesor\/a de Educaci\u00f3n Secundaria en Geograf\u00eda<\/td>\n<\/tr>\n<tr>\n<td>ALMONACID, DANIEL MAXIMILIANO<\/td>\n<td>Profesor\/a de Educaci\u00f3n Secundaria en Geograf\u00eda<\/td>\n<\/tr>\n<tr>\n<td>ALVAREZ, VALENTINA<\/td>\n<td>Profesor\/a de Educaci\u00f3n Secundaria en Geograf\u00eda<\/td>\n<\/tr>\n<tr>\n<td>ARTOLA, NOELIA ESTELA<\/td>\n<td>Profesor\/a de Educaci\u00f3n Secundaria en Geograf\u00eda<\/td>\n<\/tr>\n<tr>\n<td>COPPA, GISELA NORA<\/td>\n<td>Profesor\/a de Educaci\u00f3n Secundaria en Geograf\u00eda<\/td>\n<\/tr>\n<tr>\n<td>GAVIOLA, AGUSTIN IGNACIO<\/td>\n<td>Profesor\/a de Educaci\u00f3n Secundaria en Geograf\u00eda<\/td>\n<\/tr>\n<tr>\n<td>GEMIN, MARIANO ALBERTO<\/td>\n<td>Profesor\/a de Educaci\u00f3n Secundaria en Geograf\u00eda<\/td>\n<\/tr>\n<tr>\n<td>LOMBARDO, MARIA AZUL<\/td>\n<td>Profesor\/a de Educaci\u00f3n Secundaria en Geograf\u00eda<\/td>\n<\/tr>\n<tr>\n<td>LOMBARDO, NARELA SOLEDAD<\/td>\n<td>Profesor\/a de Educaci\u00f3n Secundaria en Geograf\u00eda<\/td>\n<\/tr>\n<tr>\n<td>PANNUTI, NICOL\u00c1S ANDR\u00c9S<\/td>\n<td>Profesor\/a de Educaci\u00f3n Secundaria en Geograf\u00eda<\/td>\n<\/tr>\n<tr>\n<td>SOSA, ALEJANDRO GABRIEL<\/td>\n<td>Profesor\/a de Educaci\u00f3n Secundaria en Geograf\u00eda<\/td>\n<\/tr>\n<tr>\n<td>AFRICANI, DAIANA<\/td>\n<td>Profesor\/a de Ingl\u00e9s<\/td>\n<\/tr>\n<tr>\n<td>ALFONSO, MAR\u00cdA AGOSTINA<\/td>\n<td>Profesor\/a de Ingl\u00e9s<\/td>\n<\/tr>\n<tr>\n<td>ANGULO, SILVIA ALEJANDRA<\/td>\n<td>Profesor\/a de Ingl\u00e9s<\/td>\n<\/tr>\n<tr>\n<td>AVILA, DENISE ANAH\u00cd<\/td>\n<td>Profesor\/a de Ingl\u00e9s<\/td>\n<\/tr>\n<tr>\n<td>BALLESTY, BRENDA<\/td>\n<td>Profesor\/a de Ingl\u00e9s<\/td>\n<\/tr>\n<tr>\n<td>BEREILH GARDENGHI, SOL TAMARA<\/td>\n<td>Profesor\/a de Ingl\u00e9s<\/td>\n<\/tr>\n<tr>\n<td>BIDEGAY, CAMILA GISEL<\/td>\n<td>Profesor\/a de Ingl\u00e9s<\/td>\n<\/tr>\n<tr>\n<td>CHUDOVA, IULIIA<\/td>\n<td>Profesor\/a de Ingl\u00e9s<\/td>\n<\/tr>\n<tr>\n<td>CORVALAN, MAR\u00cdA MARTINA<\/td>\n<td>Profesor\/a de Ingl\u00e9s<\/td>\n<\/tr>\n<tr>\n<td>COVELLO, ANDREA FLORENCIA<\/td>\n<td>Profesor\/a de Ingl\u00e9s<\/td>\n<\/tr>\n<tr>\n<td>DERECHO, VALENTINA<\/td>\n<td>Profesor\/a de Ingl\u00e9s<\/td>\n<\/tr>\n<tr>\n<td>DINI , ELDA GABRIELA<\/td>\n<td>Profesor\/a de Ingl\u00e9s<\/td>\n<\/tr>\n<tr>\n<td>DOVIDENKO , MILAGROS RITA<\/td>\n<td>Profesor\/a de Ingl\u00e9s<\/td>\n<\/tr>\n<tr>\n<td>D\u00cdAZ, MARIA DE LOS ANGELES<\/td>\n<td>Profesor\/a de Ingl\u00e9s<\/td>\n<\/tr>\n<tr>\n<td>ETCHEZAR, SONIA ELISA<\/td>\n<td>Profesor\/a de Ingl\u00e9s<\/td>\n<\/tr>\n<tr>\n<td>GODOY PY, MARIA DEL ROSARIO<\/td>\n<td>Profesor\/a de Ingl\u00e9s<\/td>\n<\/tr>\n<tr>\n<td>GORI, MAR\u00edA EUGENIA<\/td>\n<td>Profesor\/a de Ingl\u00e9s<\/td>\n<\/tr>\n<tr>\n<td>GORRIZ, GRACIELA SUSANA<\/td>\n<td>Profesor\/a de Ingl\u00e9s<\/td>\n<\/tr>\n<tr>\n<td>GRASSI, DANIELA ABIGAIL<\/td>\n<td>Profesor\/a de Ingl\u00e9s<\/td>\n<\/tr>\n<tr>\n<td>GUTIERREZ, CINTHIA AIL\u00cdN<\/td>\n<td>Profesor\/a de Ingl\u00e9s<\/td>\n<\/tr>\n<tr>\n<td>IZZO, ANABEL ROCIO<\/td>\n<td>Profesor\/a de Ingl\u00e9s<\/td>\n<\/tr>\n<tr>\n<td>JOFRE, NAHIR<\/td>\n<td>Profesor\/a de Ingl\u00e9s<\/td>\n<\/tr>\n<tr>\n<td>MORAN ARCANUTHURRY , MARIA LUCRECIA<\/td>\n<td>Profesor\/a de Ingl\u00e9s<\/td>\n<\/tr>\n<tr>\n<td>M\u00dcLLER, ANA TERESA CATALINA<\/td>\n<td>Profesor\/a de Ingl\u00e9s<\/td>\n<\/tr>\n<tr>\n<td>OLGUIN, PAOLA CAROLINA<\/td>\n<td>Profesor\/a de Ingl\u00e9s<\/td>\n<\/tr>\n<tr>\n<td>PALMA TEUS, MACARENA<\/td>\n<td>Profesor\/a de Ingl\u00e9s<\/td>\n<\/tr>\n<tr>\n<td>RAMIREZ, MARIA FLORENCIA<\/td>\n<td>Profesor\/a de Ingl\u00e9s<\/td>\n<\/tr>\n<tr>\n<td>RODRIGUEZ SHERIF, MONICA<\/td>\n<td>Profesor\/a de Ingl\u00e9s<\/td>\n<\/tr>\n<tr>\n<td>SANCHIS, MAR\u00cdA DE LOS DESAMPARADOS<\/td>\n<td>Profesor\/a de Ingl\u00e9s<\/td>\n<\/tr>\n<tr>\n<td>SASTRE , VALERIA<\/td>\n<td>Profesor\/a de Ingl\u00e9s<\/td>\n<\/tr>\n<tr>\n<td>SUAREZ, CAROLINA DEL MAR<\/td>\n<td>Profesor\/a de Ingl\u00e9s<\/td>\n<\/tr>\n<tr>\n<td>TORRES, MAR\u00cdA JULIA<\/td>\n<td>Profesor\/a de Ingl\u00e9s<\/td>\n<\/tr>\n<tr>\n<td>UGARTECHE, SILVINA ESTELA<\/td>\n<td>Profesor\/a de Ingl\u00e9s<\/td>\n<\/tr>\n<tr>\n<td>VAN GENT, JULIETA<\/td>\n<td>Profesor\/a de Ingl\u00e9s<\/td>\n<\/tr>\n<tr>\n<td>VILLARREAL, MAR\u00cdA LORENA<\/td>\n<td>Profesor\/a de Ingl\u00e9s<\/td>\n<\/tr>\n<tr>\n<td>ZUGASTI, JORGELINA PAULA<\/td>\n<td>Profesor\/a de Ingl\u00e9s<\/td>\n<\/tr>\n<tr>\n<td>AG\u00dcERO, VALERIA AYEL\u00c9N<\/td>\n<td>Profesor\/a de Educaci\u00f3n Inicial<\/td>\n<\/tr>\n<tr>\n<td>ALBARRACIN, MILAGROS NOELIA<\/td>\n<td>Profesor\/a de Educaci\u00f3n Inicial<\/td>\n<\/tr>\n<tr>\n<td>ALDERETE, AGUSTINA MARIEL<\/td>\n<td>Profesor\/a de Educaci\u00f3n Inicial<\/td>\n<\/tr>\n<tr>\n<td>ALIMENA BURGOS, NATALIA THAIS<\/td>\n<td>Profesor\/a de Educaci\u00f3n Inicial<\/td>\n<\/tr>\n<tr>\n<td>ATAIRO, ANTONELLA DEL MAR<\/td>\n<td>Profesor\/a de Educaci\u00f3n Inicial<\/td>\n<\/tr>\n<tr>\n<td>AVANCINI TURTURRO, CAMILA ANAHI<\/td>\n<td>Profesor\/a de Educaci\u00f3n Inicial<\/td>\n<\/tr>\n<tr>\n<td>BAGGINI, JULIETA<\/td>\n<td>Profesor\/a de Educaci\u00f3n Inicial<\/td>\n<\/tr>\n<tr>\n<td>BARRERA, CAMILA AYLEN<\/td>\n<td>Profesor\/a de Educaci\u00f3n Inicial<\/td>\n<\/tr>\n<tr>\n<td>BENITEZ, MARINA ABIGAIL<\/td>\n<td>Profesor\/a de Educaci\u00f3n Inicial<\/td>\n<\/tr>\n<tr>\n<td>BERMEJO, MAR\u00cdA AGUSTINA<\/td>\n<td>Profesor\/a de Educaci\u00f3n Inicial<\/td>\n<\/tr>\n<tr>\n<td>BIANCO, ORNELLA<\/td>\n<td>Profesor\/a de Educaci\u00f3n Inicial<\/td>\n<\/tr>\n<tr>\n<td>BISCARDI, ABIGAIL MICAELA<\/td>\n<td>Profesor\/a de Educaci\u00f3n Inicial<\/td>\n<\/tr>\n<tr>\n<td>BLANCO, DANIELA MAGAL\u00cd<\/td>\n<td>Profesor\/a de Educaci\u00f3n Inicial<\/td>\n<\/tr>\n<tr>\n<td>BORDAS, NADIA NANCY<\/td>\n<td>Profesor\/a de Educaci\u00f3n Inicial<\/td>\n<\/tr>\n<tr>\n<td>BOVO, MELANIE AILIN<\/td>\n<td>Profesor\/a de Educaci\u00f3n Inicial<\/td>\n<\/tr>\n<tr>\n<td>BOXER, PRISCILA ABRIL<\/td>\n<td>Profesor\/a de Educaci\u00f3n Inicial<\/td>\n<\/tr>\n<tr>\n<td>BURLA, CAROLINA<\/td>\n<td>Profesor\/a de Educaci\u00f3n Inicial<\/td>\n<\/tr>\n<tr>\n<td>CAILLABET, LUC\u00cdA ANTONELLA<\/td>\n<td>Profesor\/a de Educaci\u00f3n Inicial<\/td>\n<\/tr>\n<tr>\n<td>CANGARO, MARIA CANDELA<\/td>\n<td>Profesor\/a de Educaci\u00f3n Inicial<\/td>\n<\/tr>\n<tr>\n<td>CANGARO, MARIA CANDELA<\/td>\n<td>Profesor\/a de Educaci\u00f3n Inicial<\/td>\n<\/tr>\n<tr>\n<td>CANO TORRES, MAYRA SOLEDAD<\/td>\n<td>Profesor\/a de Educaci\u00f3n Inicial<\/td>\n<\/tr>\n<tr>\n<td>CARDONA, MIRIAM LUCIANA<\/td>\n<td>Profesor\/a de Educaci\u00f3n Inicial<\/td>\n<\/tr>\n<tr>\n<td>CARDOSO, MARIA PAZ<\/td>\n<td>Profesor\/a de Educaci\u00f3n Inicial<\/td>\n<\/tr>\n<tr>\n<td>CARDOZO, GENESIS LIA<\/td>\n<td>Profesor\/a de Educaci\u00f3n Inicial<\/td>\n<\/tr>\n<tr>\n<td>CARNESSALI, DAIANA GISELLE<\/td>\n<td>Profesor\/a de Educaci\u00f3n Inicial<\/td>\n<\/tr>\n<tr>\n<td>CASSAL, LUCIA MICAELA<\/td>\n<td>Profesor\/a de Educaci\u00f3n Inicial<\/td>\n<\/tr>\n<tr>\n<td>CHAVES, ARACELI ROSA MARIA<\/td>\n<td>Profesor\/a de Educaci\u00f3n Inicial<\/td>\n<\/tr>\n<tr>\n<td>CHELI, PAULA IVANA<\/td>\n<td>Profesor\/a de Educaci\u00f3n Inicial<\/td>\n<\/tr>\n<tr>\n<td>CHIODI, AGOSTINA ESTER<\/td>\n<td>Profesor\/a de Educaci\u00f3n Inicial<\/td>\n<\/tr>\n<tr>\n<td>COLIMODIO, LARA BEL\u00c9N<\/td>\n<td>Profesor\/a de Educaci\u00f3n Inicial<\/td>\n<\/tr>\n<tr>\n<td>CORDOBA, SOF\u00cdA JACQUELINE<\/td>\n<td>Profesor\/a de Educaci\u00f3n Inicial<\/td>\n<\/tr>\n<tr>\n<td>CUFR\u00c9 REYES, YAMILA<\/td>\n<td>Profesor\/a de Educaci\u00f3n Inicial<\/td>\n<\/tr>\n<tr>\n<td>D&#8217;ADDATO, ROCIO MAGALI<\/td>\n<td>Profesor\/a de Educaci\u00f3n Inicial<\/td>\n<\/tr>\n<tr>\n<td>DE SANTIS XIFRA, MARIA VICTORIA<\/td>\n<td>Profesor\/a de Educaci\u00f3n Inicial<\/td>\n<\/tr>\n<tr>\n<td>DEMARCO, CAMILA BIANCA<\/td>\n<td>Profesor\/a de Educaci\u00f3n Inicial<\/td>\n<\/tr>\n<tr>\n<td>DI LUCIANO, MICAELA<\/td>\n<td>Profesor\/a de Educaci\u00f3n Inicial<\/td>\n<\/tr>\n<tr>\n<td>DIACRI, AGUSTINA<\/td>\n<td>Profesor\/a de Educaci\u00f3n Inicial<\/td>\n<\/tr>\n<tr>\n<td>DUMAS, MAR\u00cdA FLORENCIA<\/td>\n<td>Profesor\/a de Educaci\u00f3n Inicial<\/td>\n<\/tr>\n<tr>\n<td>ESPENDE, DAIANA ANDREA<\/td>\n<td>Profesor\/a de Educaci\u00f3n Inicial<\/td>\n<\/tr>\n<tr>\n<td>ESTANGA, MAGAL\u00cd ALDANA<\/td>\n<td>Profesor\/a de Educaci\u00f3n Inicial<\/td>\n<\/tr>\n<tr>\n<td>EULOGIO, GISELLE SOLEDAD<\/td>\n<td>Profesor\/a de Educaci\u00f3n Inicial<\/td>\n<\/tr>\n<tr>\n<td>FERNANDEZ, GIMENA AYELEN<\/td>\n<td>Profesor\/a de Educaci\u00f3n Inicial<\/td>\n<\/tr>\n<tr>\n<td>FERNANDEZ, MARIANA PATRICIA<\/td>\n<td>Profesor\/a de Educaci\u00f3n Inicial<\/td>\n<\/tr>\n<tr>\n<td>FOGOLINI, JULIETA SOLEDAD<\/td>\n<td>Profesor\/a de Educaci\u00f3n Inicial<\/td>\n<\/tr>\n<tr>\n<td>FREYRE, ANTONELLA CECILIA<\/td>\n<td>Profesor\/a de Educaci\u00f3n Inicial<\/td>\n<\/tr>\n<tr>\n<td>FURNO, BIANCA VICTORIA<\/td>\n<td>Profesor\/a de Educaci\u00f3n Inicial<\/td>\n<\/tr>\n<tr>\n<td>GALLARDO, MARIA SOLEDAD<\/td>\n<td>Profesor\/a de Educaci\u00f3n Inicial<\/td>\n<\/tr>\n<tr>\n<td>GIGENA VERDUN, WANDA NEREA EDITH<\/td>\n<td>Profesor\/a de Educaci\u00f3n Inicial<\/td>\n<\/tr>\n<tr>\n<td>GOMEZ, LUC\u00cdA<\/td>\n<td>Profesor\/a de Educaci\u00f3n Inicial<\/td>\n<\/tr>\n<tr>\n<td>GOMEZ, MARIA DEL ROSARIO<\/td>\n<td>Profesor\/a de Educaci\u00f3n Inicial<\/td>\n<\/tr>\n<tr>\n<td>GOMEZ, MICAELA ROCIO<\/td>\n<td>Profesor\/a de Educaci\u00f3n Inicial<\/td>\n<\/tr>\n<tr>\n<td>GONZALEZ MIGUEL, VALENTINA<\/td>\n<td>Profesor\/a de Educaci\u00f3n Inicial<\/td>\n<\/tr>\n<tr>\n<td>GOYENA GONZALEZ, MICAELA LUJAN<\/td>\n<td>Profesor\/a de Educaci\u00f3n Inicial<\/td>\n<\/tr>\n<tr>\n<td>HAEDO, DANA GISELLE<\/td>\n<td>Profesor\/a de Educaci\u00f3n Inicial<\/td>\n<\/tr>\n<tr>\n<td>HERMIDA, LEILA MAIL\u00c9N<\/td>\n<td>Profesor\/a de Educaci\u00f3n Inicial<\/td>\n<\/tr>\n<tr>\n<td>HURTADO, AGUSTINA<\/td>\n<td>Profesor\/a de Educaci\u00f3n Inicial<\/td>\n<\/tr>\n<tr>\n<td>ILLESCAS, ABIGAIL GISELA<\/td>\n<td>Profesor\/a de Educaci\u00f3n Inicial<\/td>\n<\/tr>\n<tr>\n<td>IMACA, FLORENCIA AYLEN<\/td>\n<td>Profesor\/a de Educaci\u00f3n Inicial<\/td>\n<\/tr>\n<tr>\n<td>ISSA, CARLA MARTINA<\/td>\n<td>Profesor\/a de Educaci\u00f3n Inicial<\/td>\n<\/tr>\n<tr>\n<td>JUAREZ, FLORENCIA MARIANA<\/td>\n<td>Profesor\/a de Educaci\u00f3n Inicial<\/td>\n<\/tr>\n<tr>\n<td>JUAREZ , CAROLINA NOELIA<\/td>\n<td>Profesor\/a de Educaci\u00f3n Inicial<\/td>\n<\/tr>\n<tr>\n<td>JULIANO , ROC\u00cdO<\/td>\n<td>Profesor\/a de Educaci\u00f3n Inicial<\/td>\n<\/tr>\n<tr>\n<td>KLOSTER , CAROLINA<\/td>\n<td>Profesor\/a de Educaci\u00f3n Inicial<\/td>\n<\/tr>\n<tr>\n<td>LAQUIDAIN, MELINA<\/td>\n<td>Profesor\/a de Educaci\u00f3n Inicial<\/td>\n<\/tr>\n<tr>\n<td>LARRAYOZ, YANINA BELEN<\/td>\n<td>Profesor\/a de Educaci\u00f3n Inicial<\/td>\n<\/tr>\n<tr>\n<td>LAURIZI, JULIANA<\/td>\n<td>Profesor\/a de Educaci\u00f3n Inicial<\/td>\n<\/tr>\n<tr>\n<td>LEDESMA, LUCIA MARIA<\/td>\n<td>Profesor\/a de Educaci\u00f3n Inicial<\/td>\n<\/tr>\n<tr>\n<td>LEMO, LORENA ROXANA<\/td>\n<td>Profesor\/a de Educaci\u00f3n Inicial<\/td>\n<\/tr>\n<tr>\n<td>LEUCI, CATALINA LUCIANA<\/td>\n<td>Profesor\/a de Educaci\u00f3n Inicial<\/td>\n<\/tr>\n<tr>\n<td>LOPEZ, BELEN JACQUELINE<\/td>\n<td>Profesor\/a de Educaci\u00f3n Inicial<\/td>\n<\/tr>\n<tr>\n<td>LOPEZ SAEZ, CELESTE AIL\u00cdN<\/td>\n<td>Profesor\/a de Educaci\u00f3n Inicial<\/td>\n<\/tr>\n<tr>\n<td>MADRID, PAOLA ROMINA<\/td>\n<td>Profesor\/a de Educaci\u00f3n Inicial<\/td>\n<\/tr>\n<tr>\n<td>MAFFIONE, MICAELA<\/td>\n<td>Profesor\/a de Educaci\u00f3n Inicial<\/td>\n<\/tr>\n<tr>\n<td>MAMANI, ERIKA ALEJANDRA<\/td>\n<td>Profesor\/a de Educaci\u00f3n Inicial<\/td>\n<\/tr>\n<tr>\n<td>MARC\u00d3, DIANA ELISA<\/td>\n<td>Profesor\/a de Educaci\u00f3n Inicial<\/td>\n<\/tr>\n<tr>\n<td>MARINO, MELISSA DAIANA<\/td>\n<td>Profesor\/a de Educaci\u00f3n Inicial<\/td>\n<\/tr>\n<tr>\n<td>MARTINEZ, ANDREA MELEN<\/td>\n<td>Profesor\/a de Educaci\u00f3n Inicial<\/td>\n<\/tr>\n<tr>\n<td>MARTINEZ , MAR\u00cdA GISELLE<\/td>\n<td>Profesor\/a de Educaci\u00f3n Inicial<\/td>\n<\/tr>\n<tr>\n<td>MARTO JULIA, JIMENA<\/td>\n<td>Profesor\/a de Educaci\u00f3n Inicial<\/td>\n<\/tr>\n<tr>\n<td>MARTORELLI, FIORELLA ANDREA<\/td>\n<td>Profesor\/a de Educaci\u00f3n Inicial<\/td>\n<\/tr>\n<tr>\n<td>MAYDANA, JESSICA FLORENCIA<\/td>\n<td>Profesor\/a de Educaci\u00f3n Inicial<\/td>\n<\/tr>\n<tr>\n<td>MENENDEZ , SONIA ELIZABETH<\/td>\n<td>Profesor\/a de Educaci\u00f3n Inicial<\/td>\n<\/tr>\n<tr>\n<td>MICCIO, MAR\u00cdA CIELO<\/td>\n<td>Profesor\/a de Educaci\u00f3n Inicial<\/td>\n<\/tr>\n<tr>\n<td>MOLINARI, LUCIA ALEJANDRA<\/td>\n<td>Profesor\/a de Educaci\u00f3n Inicial<\/td>\n<\/tr>\n<tr>\n<td>MONTIEL, ABRIL MAGALI<\/td>\n<td>Profesor\/a de Educaci\u00f3n Inicial<\/td>\n<\/tr>\n<tr>\n<td>MORIONDO, JESICA DANA<\/td>\n<td>Profesor\/a de Educaci\u00f3n Inicial<\/td>\n<\/tr>\n<tr>\n<td>MORTL, BRENDA VALENTINA<\/td>\n<td>Profesor\/a de Educaci\u00f3n Inicial<\/td>\n<\/tr>\n<tr>\n<td>MURGUET, CAROLINA ALEJANDRA<\/td>\n<td>Profesor\/a de Educaci\u00f3n Inicial<\/td>\n<\/tr>\n<tr>\n<td>NAIFE, LEILA MARIA<\/td>\n<td>Profesor\/a de Educaci\u00f3n Inicial<\/td>\n<\/tr>\n<tr>\n<td>NARIO , CELESTE LUDMILA<\/td>\n<td>Profesor\/a de Educaci\u00f3n Inicial<\/td>\n<\/tr>\n<tr>\n<td>NEPOMUCENO, NATALIA ANDREA<\/td>\n<td>Profesor\/a de Educaci\u00f3n Inicial<\/td>\n<\/tr>\n<tr>\n<td>NICOSIA, MARIA MICAELA<\/td>\n<td>Profesor\/a de Educaci\u00f3n Inicial<\/td>\n<\/tr>\n<tr>\n<td>NOCHETTO, NARELLA LUCIANA<\/td>\n<td>Profesor\/a de Educaci\u00f3n Inicial<\/td>\n<\/tr>\n<tr>\n<td>OLARTICOCHEA, GIULIANA AILIN<\/td>\n<td>Profesor\/a de Educaci\u00f3n Inicial<\/td>\n<\/tr>\n<tr>\n<td>OTERO, SOL MAGAL\u00cd<\/td>\n<td>Profesor\/a de Educaci\u00f3n Inicial<\/td>\n<\/tr>\n<tr>\n<td>OYAGA, JOSEFINA ORNELLA<\/td>\n<td>Profesor\/a de Educaci\u00f3n Inicial<\/td>\n<\/tr>\n<tr>\n<td>PALACIO, LUCIANA NOELIA<\/td>\n<td>Profesor\/a de Educaci\u00f3n Inicial<\/td>\n<\/tr>\n<tr>\n<td>PEREZ, SOFIA MOIRA<\/td>\n<td>Profesor\/a de Educaci\u00f3n Inicial<\/td>\n<\/tr>\n<tr>\n<td>PONTANO, LUC\u00cdA MARA<\/td>\n<td>Profesor\/a de Educaci\u00f3n Inicial<\/td>\n<\/tr>\n<tr>\n<td>POSAT, ANGELES<\/td>\n<td>Profesor\/a de Educaci\u00f3n Inicial<\/td>\n<\/tr>\n<tr>\n<td>QUIROGA, ROCIO BEL\u00c9N<\/td>\n<td>Profesor\/a de Educaci\u00f3n Inicial<\/td>\n<\/tr>\n<tr>\n<td>RAMIREZ, RITA GISELLA<\/td>\n<td>Profesor\/a de Educaci\u00f3n Inicial<\/td>\n<\/tr>\n<tr>\n<td>RENZO, MACARENA VICTORIA<\/td>\n<td>Profesor\/a de Educaci\u00f3n Inicial<\/td>\n<\/tr>\n<tr>\n<td>REY, NATALIA LORENA<\/td>\n<td>Profesor\/a de Educaci\u00f3n Inicial<\/td>\n<\/tr>\n<tr>\n<td>ROJAS, MICAELA INES<\/td>\n<td>Profesor\/a de Educaci\u00f3n Inicial<\/td>\n<\/tr>\n<tr>\n<td>ROLON, MARINA<\/td>\n<td>Profesor\/a de Educaci\u00f3n Inicial<\/td>\n<\/tr>\n<tr>\n<td>ROMANO, GISELA ANAHI<\/td>\n<td>Profesor\/a de Educaci\u00f3n Inicial<\/td>\n<\/tr>\n<tr>\n<td>ROMERO, CAROLINA LUJAN<\/td>\n<td>Profesor\/a de Educaci\u00f3n Inicial<\/td>\n<\/tr>\n<tr>\n<td>ROSALES, MICAELA AGUSTINA<\/td>\n<td>Profesor\/a de Educaci\u00f3n Inicial<\/td>\n<\/tr>\n<tr>\n<td>ROSALES CUELLO, JULIA<\/td>\n<td>Profesor\/a de Educaci\u00f3n Inicial<\/td>\n<\/tr>\n<tr>\n<td>SALERNO, LUCIANA<\/td>\n<td>Profesor\/a de Educaci\u00f3n Inicial<\/td>\n<\/tr>\n<tr>\n<td>SALGADO SAEZ, CAROLA<\/td>\n<td>Profesor\/a de Educaci\u00f3n Inicial<\/td>\n<\/tr>\n<tr>\n<td>SALINAS, YANINA SOLEDAD<\/td>\n<td>Profesor\/a de Educaci\u00f3n Inicial<\/td>\n<\/tr>\n<tr>\n<td>SALOMON, NOELIA CAROLINA<\/td>\n<td>Profesor\/a de Educaci\u00f3n Inicial<\/td>\n<\/tr>\n<tr>\n<td>SALVADOR, ROCIO BELEN<\/td>\n<td>Profesor\/a de Educaci\u00f3n Inicial<\/td>\n<\/tr>\n<tr>\n<td>SAMMARONE, MILAGROS<\/td>\n<td>Profesor\/a de Educaci\u00f3n Inicial<\/td>\n<\/tr>\n<tr>\n<td>SANCHEZ, MARIA DEL MAR<\/td>\n<td>Profesor\/a de Educaci\u00f3n Inicial<\/td>\n<\/tr>\n<tr>\n<td>SARASOLA, ANALIA ISABEL<\/td>\n<td>Profesor\/a de Educaci\u00f3n Inicial<\/td>\n<\/tr>\n<tr>\n<td>SASSARI, SOFIA MARIET<\/td>\n<td>Profesor\/a de Educaci\u00f3n Inicial<\/td>\n<\/tr>\n<tr>\n<td>SCHIAPPA, MICAELA AGUSTINA<\/td>\n<td>Profesor\/a de Educaci\u00f3n Inicial<\/td>\n<\/tr>\n<tr>\n<td>SCOTTI, MARIA VICTORIA<\/td>\n<td>Profesor\/a de Educaci\u00f3n Inicial<\/td>\n<\/tr>\n<tr>\n<td>SEGUI, IRINA MAR\u00cdA ELISABET<\/td>\n<td>Profesor\/a de Educaci\u00f3n Inicial<\/td>\n<\/tr>\n<tr>\n<td>SIROLLI , CANDELA<\/td>\n<td>Profesor\/a de Educaci\u00f3n Inicial<\/td>\n<\/tr>\n<tr>\n<td>SOMMER, TALIA CRISTAL<\/td>\n<td>Profesor\/a de Educaci\u00f3n Inicial<\/td>\n<\/tr>\n<tr>\n<td>SORIA, CAMILA<\/td>\n<td>Profesor\/a de Educaci\u00f3n Inicial<\/td>\n<\/tr>\n<tr>\n<td>SOTO, FLORENCIA SOLEDAD<\/td>\n<td>Profesor\/a de Educaci\u00f3n Inicial<\/td>\n<\/tr>\n<tr>\n<td>SPAGNUOLO, MARIA VALERIA<\/td>\n<td>Profesor\/a de Educaci\u00f3n Inicial<\/td>\n<\/tr>\n<tr>\n<td>SPINETTA, CLARA<\/td>\n<td>Profesor\/a de Educaci\u00f3n Inicial<\/td>\n<\/tr>\n<tr>\n<td>SUAREZ ORDUNA , MANUELA<\/td>\n<td>Profesor\/a de Educaci\u00f3n Inicial<\/td>\n<\/tr>\n<tr>\n<td>TARANTINO, CANDELARIA MAGAL\u00cd<\/td>\n<td>Profesor\/a de Educaci\u00f3n Inicial<\/td>\n<\/tr>\n<tr>\n<td>TRUJILLO, DULCE CAROLINA<\/td>\n<td>Profesor\/a de Educaci\u00f3n Inicial<\/td>\n<\/tr>\n<tr>\n<td>T\u00d3RTORA, MORENA<\/td>\n<td>Profesor\/a de Educaci\u00f3n Inicial<\/td>\n<\/tr>\n<tr>\n<td>UKRYNIUK, DANIELA SOFIA<\/td>\n<td>Profesor\/a de Educaci\u00f3n Inicial<\/td>\n<\/tr>\n<tr>\n<td>VASCHETTI, LUC\u00cdA<\/td>\n<td>Profesor\/a de Educaci\u00f3n Inicial<\/td>\n<\/tr>\n<tr>\n<td>VERDINA, LUCIANA<\/td>\n<td>Profesor\/a de Educaci\u00f3n Inicial<\/td>\n<\/tr>\n<tr>\n<td>VERLOTTA, FLORENCIA GISELLE<\/td>\n<td>Profesor\/a de Educaci\u00f3n Inicial<\/td>\n<\/tr>\n<tr>\n<td>VIDAL, MILAGROS SOLEDAD<\/td>\n<td>Profesor\/a de Educaci\u00f3n Inicial<\/td>\n<\/tr>\n<tr>\n<td>VILLARREAL, AGUSTINA<\/td>\n<td>Profesor\/a de Educaci\u00f3n Inicial<\/td>\n<\/tr>\n<tr>\n<td>YEHIA, NADIA ESTHER<\/td>\n<td>Profesor\/a de Educaci\u00f3n Inicial<\/td>\n<\/tr>\n<tr>\n<td>ZORATTI , VALENTINA<\/td>\n<td>Profesor\/a de Educaci\u00f3n Inicial<\/td>\n<\/tr>\n<tr>\n<td>ALEGRE, CAROLINA<\/td>\n<td>PROFESOR DE TERCER CICLO DE LA EGB Y LA EDUCACION POLIMODAL EN LENGUA Y LITERATURA<\/td>\n<\/tr>\n<tr>\n<td>ALVARADO ESQUIBELA, LUDMILA<\/td>\n<td>Profesor\/a de Educaci\u00f3n Secundaria en Lengua y Literatura<\/td>\n<\/tr>\n<tr>\n<td>BIGI, LILIANA CARMEN<\/td>\n<td>PROFESOR DE TERCER CICLO DE LA EGB Y LA EDUCACION POLIMODAL EN LENGUA Y LITERATURA<\/td>\n<\/tr>\n<tr>\n<td>BUSTAMANTE MOLINA, MAR\u00cdA FERNANDA<\/td>\n<td>Profesor\/a de Educaci\u00f3n Secundaria en Lengua y Literatura<\/td>\n<\/tr>\n<tr>\n<td>CAPPELLETTI, MARINA LAURA<\/td>\n<td>Profesor\/a de Educaci\u00f3n Secundaria en Lengua y Literatura<\/td>\n<\/tr>\n<tr>\n<td>CARRICONDO , JEREM\u00cdAS DAVID<\/td>\n<td>Profesor\/a de Educaci\u00f3n Secundaria en Lengua y Literatura<\/td>\n<\/tr>\n<tr>\n<td>CORVALAN ROTH, JOSIAS PABLO ALEXANDER<\/td>\n<td>Profesor\/a de Educaci\u00f3n Secundaria en Lengua y Literatura<\/td>\n<\/tr>\n<tr>\n<td>DAMONTE, AYELEN MARIA CAMILA<\/td>\n<td>Profesor\/a de Educaci\u00f3n Secundaria en Lengua y Literatura<\/td>\n<\/tr>\n<tr>\n<td>FREIJE, MARIA NOE<\/td>\n<td>Profesor\/a de Educaci\u00f3n Secundaria en Lengua y Literatura<\/td>\n<\/tr>\n<tr>\n<td>GIACOPAZZI, ALICIA MARIA<\/td>\n<td>Profesor\/a de Educaci\u00f3n Secundaria en Lengua y Literatura<\/td>\n<\/tr>\n<tr>\n<td>GIMENEZ, ELOISA<\/td>\n<td>PROFESOR DE TERCER CICLO DE LA EGB Y LA EDUCACION POLIMODAL EN LENGUA Y LITERATURA<\/td>\n<\/tr>\n<tr>\n<td>HUERTAS, DIEGO MAXIMILIANO<\/td>\n<td>Profesor\/a de Educaci\u00f3n Secundaria en Lengua y Literatura<\/td>\n<\/tr>\n<tr>\n<td>LIZARRAGA, ROMINA SOLEDAD<\/td>\n<td>Profesor\/a de Educaci\u00f3n Secundaria en Lengua y Literatura<\/td>\n<\/tr>\n<tr>\n<td>MARTINO, MARINA VANESA<\/td>\n<td>Profesor\/a de Educaci\u00f3n Secundaria en Lengua y Literatura<\/td>\n<\/tr>\n<tr>\n<td>MELO, PAOLA VALERIA<\/td>\n<td>Profesor\/a de Educaci\u00f3n Secundaria en Lengua y Literatura<\/td>\n<\/tr>\n<tr>\n<td>MIQUELARENA, ROCIO SALOME<\/td>\n<td>Profesor\/a de Educaci\u00f3n Secundaria en Lengua y Literatura<\/td>\n<\/tr>\n<tr>\n<td>MOTTA, PAULINA BEATRIZ<\/td>\n<td>Profesor\/a de Educaci\u00f3n Secundaria en Lengua y Literatura<\/td>\n<\/tr>\n<tr>\n<td>NAPOLI, AGUSTINA MAGALI<\/td>\n<td>Profesor\/a de Educaci\u00f3n Secundaria en Lengua y Literatura<\/td>\n<\/tr>\n<tr>\n<td>NOBILE, LUANA GISEL<\/td>\n<td>Profesor\/a de Educaci\u00f3n Secundaria en Lengua y Literatura<\/td>\n<\/tr>\n<tr>\n<td>NU\u00d1EZ, FABIANA IN\u00c9S<\/td>\n<td>Profesor\/a de Educaci\u00f3n Secundaria en Lengua y Literatura<\/td>\n<\/tr>\n<tr>\n<td>PICCIONE, SALVADOR ALEJANDRO<\/td>\n<td>Profesor\/a de Educaci\u00f3n Secundaria en Lengua y Literatura<\/td>\n<\/tr>\n<tr>\n<td>POTIN, MAR\u00cdA DEL ROSARIO<\/td>\n<td>Profesor\/a de Educaci\u00f3n Secundaria en Lengua y Literatura<\/td>\n<\/tr>\n<tr>\n<td>RAMA, YANINA MARIELA<\/td>\n<td>Profesor\/a de Educaci\u00f3n Secundaria en Lengua y Literatura<\/td>\n<\/tr>\n<tr>\n<td>RODRIGUEZ MEDINA, ROMINA GISELA<\/td>\n<td>Profesor\/a de Educaci\u00f3n Secundaria en Lengua y Literatura<\/td>\n<\/tr>\n<tr>\n<td>ROLANDO , MART\u00cdN<\/td>\n<td>Profesor\/a de Educaci\u00f3n Secundaria en Lengua y Literatura<\/td>\n<\/tr>\n<tr>\n<td>ROMANO, SOLANGE MARIEL<\/td>\n<td>Profesor\/a de Educaci\u00f3n Secundaria en Lengua y Literatura<\/td>\n<\/tr>\n<tr>\n<td>SAFE, DEBORA ELIZABETH<\/td>\n<td>Profesor\/a de Educaci\u00f3n Secundaria en Lengua y Literatura<\/td>\n<\/tr>\n<tr>\n<td>TERACCIO FLORES, OMAR MARCELO<\/td>\n<td>Profesor\/a de Educaci\u00f3n Secundaria en Lengua y Literatura<\/td>\n<\/tr>\n<tr>\n<td>TEYSSEIRE, ANAL\u00cdA VIRGINIA<\/td>\n<td>Profesor\/a de Educaci\u00f3n Secundaria en Lengua y Literatura<\/td>\n<\/tr>\n<tr>\n<td>VIDELA, NOELIA ELIZABETH<\/td>\n<td>Profesor\/a de Educaci\u00f3n Secundaria en Lengua y Literatura<\/td>\n<\/tr>\n<tr>\n<td>VOLANT\u00cdN, JOS\u00c9 ANDR\u00c9S<\/td>\n<td>Profesor\/a de Educaci\u00f3n Secundaria en Lengua y Literatura<\/td>\n<\/tr>\n<tr>\n<td>ZUBRZYCKI, JUAN PABLO<\/td>\n<td>Profesor\/a de Educaci\u00f3n Secundaria en Lengua y Literatura<\/td>\n<\/tr>\n<tr>\n<td>AGUERO, LUIS MARIA<\/td>\n<td>Profesor\/a de Educaci\u00f3n Secundaria en Matem\u00e1tica<\/td>\n<\/tr>\n<tr>\n<td>ALBERTONI, MAR\u00cdA SOF\u00cdA<\/td>\n<td>Profesor\/a de Educaci\u00f3n Secundaria en Matem\u00e1tica<\/td>\n<\/tr>\n<tr>\n<td>ALBORNOZ, MARINA NOELIA<\/td>\n<td>Profesor\/a de Educaci\u00f3n Secundaria en Matem\u00e1tica<\/td>\n<\/tr>\n<tr>\n<td>ASENSI, MARCOS GERM\u00c1N<\/td>\n<td>Profesor\/a de Educaci\u00f3n Secundaria en Matem\u00e1tica<\/td>\n<\/tr>\n<tr>\n<td>BENITEZ, CAMILA SOLEDAD<\/td>\n<td>Profesor\/a de Educaci\u00f3n Secundaria en Matem\u00e1tica<\/td>\n<\/tr>\n<tr>\n<td>CARL\u00d3N, SOF\u00cdA<\/td>\n<td>Profesor\/a de Educaci\u00f3n Secundaria en Matem\u00e1tica<\/td>\n<\/tr>\n<tr>\n<td>CECI, SOFIA<\/td>\n<td>Profesor\/a de Educaci\u00f3n Secundaria en Matem\u00e1tica<\/td>\n<\/tr>\n<tr>\n<td>CHAZARRETA, GEMA<\/td>\n<td>Profesor\/a de Educaci\u00f3n Secundaria en Matem\u00e1tica<\/td>\n<\/tr>\n<tr>\n<td>CIRIACO, PRISCILA MAGAL\u00cd<\/td>\n<td>Profesor\/a de Educaci\u00f3n Secundaria en Matem\u00e1tica<\/td>\n<\/tr>\n<tr>\n<td>CONCETTI, MICAELA VER\u00d3NICA<\/td>\n<td>Profesor\/a de Educaci\u00f3n Secundaria en Matem\u00e1tica<\/td>\n<\/tr>\n<tr>\n<td>CUEVA, MAR\u00edA JIMENA<\/td>\n<td>Profesor\/a de Educaci\u00f3n Secundaria en Matem\u00e1tica<\/td>\n<\/tr>\n<tr>\n<td>CURRI, MAIRA GISELA<\/td>\n<td>Profesor\/a de Educaci\u00f3n Secundaria en Matem\u00e1tica<\/td>\n<\/tr>\n<tr>\n<td>da GRA\u00c7A, JIMENA ANAHI<\/td>\n<td>Profesor\/a de Educaci\u00f3n Secundaria en Matem\u00e1tica<\/td>\n<\/tr>\n<tr>\n<td>DEVINCENTI, JUAN MAURICIO<\/td>\n<td>Profesor\/a de Educaci\u00f3n Secundaria en Matem\u00e1tica<\/td>\n<\/tr>\n<tr>\n<td>DI JULIO, CAROLINA ELISABET<\/td>\n<td>Profesor\/a de Educaci\u00f3n Secundaria en Matem\u00e1tica<\/td>\n<\/tr>\n<tr>\n<td>DURAN, BRAIAN<\/td>\n<td>Profesor\/a de Educaci\u00f3n Secundaria en Matem\u00e1tica<\/td>\n<\/tr>\n<tr>\n<td>ESTRELLA, PAOLA CRISTINA<\/td>\n<td>Profesor\/a de Educaci\u00f3n Secundaria en Matem\u00e1tica<\/td>\n<\/tr>\n<tr>\n<td>FASZCZAK, VIVIANA CARINA<\/td>\n<td>Profesor\/a de Educaci\u00f3n Secundaria en Matem\u00e1tica<\/td>\n<\/tr>\n<tr>\n<td>FIGUEROA, MARIANA AYEL\u00c9N<\/td>\n<td>Profesor\/a de Educaci\u00f3n Secundaria en Matem\u00e1tica<\/td>\n<\/tr>\n<tr>\n<td>FURLAN, CAROLINA SOL<\/td>\n<td>Profesor\/a de Educaci\u00f3n Secundaria en Matem\u00e1tica<\/td>\n<\/tr>\n<tr>\n<td>GONZALEZ, BRENDA<\/td>\n<td>Profesor\/a de Educaci\u00f3n Secundaria en Matem\u00e1tica<\/td>\n<\/tr>\n<tr>\n<td>GONZALEZ, MARIA FERNANDA<\/td>\n<td>Profesor\/a de Educaci\u00f3n Secundaria en Matem\u00e1tica<\/td>\n<\/tr>\n<tr>\n<td>JUGO, LORENA DEL CARMEN<\/td>\n<td>Profesor\/a de Educaci\u00f3n Secundaria en Matem\u00e1tica<\/td>\n<\/tr>\n<tr>\n<td>LACUADRA, MALENA ISABEL<\/td>\n<td>Profesor\/a de Educaci\u00f3n Secundaria en Matem\u00e1tica<\/td>\n<\/tr>\n<tr>\n<td>LEONARDELLI, GABRIEL ANDRES<\/td>\n<td>Profesor\/a de Educaci\u00f3n Secundaria en Matem\u00e1tica<\/td>\n<\/tr>\n<tr>\n<td>LEVEAU, MAR\u00cdA EUGENIA<\/td>\n<td>Profesor\/a de Educaci\u00f3n Secundaria en Matem\u00e1tica<\/td>\n<\/tr>\n<tr>\n<td>LOPETEGUI CARBALLO, CAROLINA NIARA<\/td>\n<td>Profesor\/a de Educaci\u00f3n Secundaria en Matem\u00e1tica<\/td>\n<\/tr>\n<tr>\n<td>MAGISTA, ANABEL GRACIELA<\/td>\n<td>Profesor\/a de Educaci\u00f3n Secundaria en Matem\u00e1tica<\/td>\n<\/tr>\n<tr>\n<td>MELILLO, STELLA MARIS<\/td>\n<td>Profesor\/a de Educaci\u00f3n Secundaria en Matem\u00e1tica<\/td>\n<\/tr>\n<tr>\n<td>MONTUORI, MICAELA<\/td>\n<td>Profesor\/a de Educaci\u00f3n Secundaria en Matem\u00e1tica<\/td>\n<\/tr>\n<tr>\n<td>MORALES, D\u00c9BORA<\/td>\n<td>Profesor\/a de Educaci\u00f3n Secundaria en Matem\u00e1tica<\/td>\n<\/tr>\n<tr>\n<td>MORENO, VALERIA DEL CARMEN<\/td>\n<td>PROFESOR DE TERCER CICLO DE LA EGB Y DE LA EDUCACION POLIMODAL EN MATEMATICA<\/td>\n<\/tr>\n<tr>\n<td>NANNI, HUGO NICOL\u00c1S<\/td>\n<td>Profesor\/a de Educaci\u00f3n Secundaria en Matem\u00e1tica<\/td>\n<\/tr>\n<tr>\n<td>NANNI, MAT\u00cdAS ANGEL<\/td>\n<td>Profesor\/a de Educaci\u00f3n Secundaria en Matem\u00e1tica<\/td>\n<\/tr>\n<tr>\n<td>NOBLE, FLORENCIA ALDANA<\/td>\n<td>Profesor\/a de Educaci\u00f3n Secundaria en Matem\u00e1tica<\/td>\n<\/tr>\n<tr>\n<td>PAVON, SOL MARIEL<\/td>\n<td>Profesor\/a de Educaci\u00f3n Secundaria en Matem\u00e1tica<\/td>\n<\/tr>\n<tr>\n<td>PERALTA, MARIA JOS\u00c9<\/td>\n<td>Profesor\/a de Educaci\u00f3n Secundaria en Matem\u00e1tica<\/td>\n<\/tr>\n<tr>\n<td>PEREYRA, JOS\u00c9 LUIS<\/td>\n<td>Profesor\/a de Educaci\u00f3n Secundaria en Matem\u00e1tica<\/td>\n<\/tr>\n<tr>\n<td>PINCHEIRA SAAVEDRA, HUGO MOISES<\/td>\n<td>Profesor\/a de Educaci\u00f3n Secundaria en Matem\u00e1tica<\/td>\n<\/tr>\n<tr>\n<td>RODRIGUEZ, ANDREA BERTA<\/td>\n<td>Profesor\/a de Educaci\u00f3n Secundaria en Matem\u00e1tica<\/td>\n<\/tr>\n<tr>\n<td>ROSELL, AMPARO MAR\u00cdA CANDELA<\/td>\n<td>Profesor\/a de Educaci\u00f3n Secundaria en Matem\u00e1tica<\/td>\n<\/tr>\n<tr>\n<td>ROSSI, ALEXIA<\/td>\n<td>Profesor\/a de Educaci\u00f3n Secundaria en Matem\u00e1tica<\/td>\n<\/tr>\n<tr>\n<td>ROVERETTI, CAMILA<\/td>\n<td>Profesor\/a de Educaci\u00f3n Secundaria en Matem\u00e1tica<\/td>\n<\/tr>\n<tr>\n<td>SALOMONE, BRENDA DANIELA<\/td>\n<td>Profesor\/a de Educaci\u00f3n Secundaria en Matem\u00e1tica<\/td>\n<\/tr>\n<tr>\n<td>SORIA, VALERIA LORENA<\/td>\n<td>Profesor\/a de Educaci\u00f3n Secundaria en Matem\u00e1tica<\/td>\n<\/tr>\n<tr>\n<td>SOTELO, EVELYN AYELEN<\/td>\n<td>Profesor\/a de Educaci\u00f3n Secundaria en Matem\u00e1tica<\/td>\n<\/tr>\n<tr>\n<td>T\u00c1PPARO, PRISCILA ABIGAIL<\/td>\n<td>Profesor\/a de Educaci\u00f3n Secundaria en Matem\u00e1tica<\/td>\n<\/tr>\n<tr>\n<td>URRUCHUA, ABIGAIL<\/td>\n<td>Profesor\/a de Educaci\u00f3n Secundaria en Matem\u00e1tica<\/td>\n<\/tr>\n<tr>\n<td>VILLANUEVA, ROXANA ADRIANA<\/td>\n<td>Profesor\/a de Educaci\u00f3n Secundaria en Matem\u00e1tica<\/td>\n<\/tr>\n<tr>\n<td>YAPPERT, SILVINA ANAHI<\/td>\n<td>Profesor\/a de Educaci\u00f3n Secundaria en Matem\u00e1tica<\/td>\n<\/tr>\n<tr>\n<td>ZALAZAR, SANDRA ESTHER<\/td>\n<td>Profesor\/a de Educaci\u00f3n Secundaria en Matem\u00e1tica<\/td>\n<\/tr>\n<tr>\n<td>AGUILERA FRAGA, WANDA LILEN<\/td>\n<td>Profesor\/a de Educaci\u00f3n Primaria<\/td>\n<\/tr>\n<tr>\n<td>ALONSO, NATALIA MICAELA<\/td>\n<td>Profesor\/a de Educaci\u00f3n Primaria<\/td>\n<\/tr>\n<tr>\n<td>ALOY, ESTEFANIA PAOLA<\/td>\n<td>Profesor\/a de Educaci\u00f3n Primaria<\/td>\n<\/tr>\n<tr>\n<td>ALSINA, AIL\u00c9N LAURA<\/td>\n<td>Profesor\/a de Educaci\u00f3n Primaria<\/td>\n<\/tr>\n<tr>\n<td>ALVAREDO, JAQUELINE ANDREA<\/td>\n<td>Profesor\/a de Educaci\u00f3n Primaria<\/td>\n<\/tr>\n<tr>\n<td>AMAYA, NATALIA MARIA MICCAELLA<\/td>\n<td>Profesor\/a de Educaci\u00f3n Primaria<\/td>\n<\/tr>\n<tr>\n<td>ANTONICH, SOLEDAD VIVIANA<\/td>\n<td>Profesor\/a de Educaci\u00f3n Primaria<\/td>\n<\/tr>\n<tr>\n<td>ARAGUNDE SOLEK, MICAELA ANAH\u00cd<\/td>\n<td>Profesor\/a de Educaci\u00f3n Primaria<\/td>\n<\/tr>\n<tr>\n<td>AUMIRALL, MARISOL<\/td>\n<td>Profesor\/a de Educaci\u00f3n Primaria<\/td>\n<\/tr>\n<tr>\n<td>BALBUENA, MARIA ANTONELA<\/td>\n<td>Profesor\/a de Educaci\u00f3n Primaria<\/td>\n<\/tr>\n<tr>\n<td>BARBARESI, FLORENCIA MACARENA<\/td>\n<td>Profesor\/a de Educaci\u00f3n Primaria<\/td>\n<\/tr>\n<tr>\n<td>BAUDINO, LIA FLORENCIA<\/td>\n<td>Profesor\/a de Educaci\u00f3n Primaria<\/td>\n<\/tr>\n<tr>\n<td>BEGUIRISTAIN GONZALEZ, AIM\u00c9 MAR\u00cdA<\/td>\n<td>Profesor\/a de Educaci\u00f3n Primaria<\/td>\n<\/tr>\n<tr>\n<td>BELFIORE, PAMELA BELEN<\/td>\n<td>Profesor\/a de Educaci\u00f3n Primaria<\/td>\n<\/tr>\n<tr>\n<td>BENITEZ, JULIETA AGOSTINA<\/td>\n<td>Profesor\/a de Educaci\u00f3n Primaria<\/td>\n<\/tr>\n<tr>\n<td>BENITEZ PISANI, MAR\u00cdA JOS\u00c9<\/td>\n<td>Profesor\/a de Educaci\u00f3n Primaria<\/td>\n<\/tr>\n<tr>\n<td>BIBBO, VANESA ANDREA<\/td>\n<td>Profesor\/a de Educaci\u00f3n Primaria<\/td>\n<\/tr>\n<tr>\n<td>BILANCIERI TERMINIELLO, NELIDA MILAGROS<\/td>\n<td>Profesor\/a de Educaci\u00f3n Primaria<\/td>\n<\/tr>\n<tr>\n<td>BOSCAIA, SONIA<\/td>\n<td>Profesor\/a de Educaci\u00f3n Primaria<\/td>\n<\/tr>\n<tr>\n<td>BRAVO, ROCIO AYELEN<\/td>\n<td>Profesor\/a de Educaci\u00f3n Primaria<\/td>\n<\/tr>\n<tr>\n<td>BRI\u00d1ON, MARTINA<\/td>\n<td>Profesor\/a de Educaci\u00f3n Primaria<\/td>\n<\/tr>\n<tr>\n<td>BUHR GONZALEZ, AMELIA SUSANA<\/td>\n<td>Profesor\/a de Educaci\u00f3n Primaria<\/td>\n<\/tr>\n<tr>\n<td>CABELLO PRUNEDA , MICAELA<\/td>\n<td>Profesor\/a de Educaci\u00f3n Primaria<\/td>\n<\/tr>\n<tr>\n<td>CABRERA, JUANA NOELIA<\/td>\n<td>Profesor\/a de Educaci\u00f3n Primaria<\/td>\n<\/tr>\n<tr>\n<td>CAMINO , AYLEN ANDREA<\/td>\n<td>Profesor\/a de Educaci\u00f3n Primaria<\/td>\n<\/tr>\n<tr>\n<td>CANDIA , BELINDA ROSARIO<\/td>\n<td>Profesor\/a de Educaci\u00f3n Primaria<\/td>\n<\/tr>\n<tr>\n<td>CANTEROS, MARISOL IVANA<\/td>\n<td>Profesor\/a de Educaci\u00f3n Primaria<\/td>\n<\/tr>\n<tr>\n<td>CARDOZO, CAMILA JOANA<\/td>\n<td>Profesor\/a de Educaci\u00f3n Primaria<\/td>\n<\/tr>\n<tr>\n<td>CARRIZO, EVANGELINA VANESA<\/td>\n<td>Profesor\/a de Educaci\u00f3n Primaria<\/td>\n<\/tr>\n<tr>\n<td>CARRIZO ALBARENGO, ALDANA MARIEL<\/td>\n<td>Profesor\/a de Educaci\u00f3n Primaria<\/td>\n<\/tr>\n<tr>\n<td>CASTA\u00d1ARES, FLORENCIA ALEJANDRA<\/td>\n<td>Profesor\/a de Educaci\u00f3n Primaria<\/td>\n<\/tr>\n<tr>\n<td>CASTRO, FERNANDO ELIO<\/td>\n<td>Profesor\/a de Educaci\u00f3n Primaria<\/td>\n<\/tr>\n<tr>\n<td>CASTRO, ORIANA ROC\u00cdO<\/td>\n<td>Profesor\/a de Educaci\u00f3n Primaria<\/td>\n<\/tr>\n<tr>\n<td>CA\u00d1ETE, SABRINA LUJ\u00c1N<\/td>\n<td>Profesor\/a de Educaci\u00f3n Primaria<\/td>\n<\/tr>\n<tr>\n<td>CHAMBERS, SOLEDAD<\/td>\n<td>Profesor\/a de Educaci\u00f3n Primaria<\/td>\n<\/tr>\n<tr>\n<td>COCERES, MICAELA ALEJANDRA<\/td>\n<td>Profesor\/a de Educaci\u00f3n Primaria<\/td>\n<\/tr>\n<tr>\n<td>COLOMBO , MICAELA<\/td>\n<td>Profesor\/a de Educaci\u00f3n Primaria<\/td>\n<\/tr>\n<tr>\n<td>CONTRERAS, GUILLERMINA DEL CARMEN<\/td>\n<td>Profesor\/a de Educaci\u00f3n Primaria<\/td>\n<\/tr>\n<tr>\n<td>COSTA, NOELIA<\/td>\n<td>Profesor\/a de Educaci\u00f3n Primaria<\/td>\n<\/tr>\n<tr>\n<td>CREGO, DANIELA FABIANA<\/td>\n<td>Profesor\/a de Educaci\u00f3n Primaria<\/td>\n<\/tr>\n<tr>\n<td>CROTTA, MARIELA<\/td>\n<td>Profesor\/a de Educaci\u00f3n Primaria<\/td>\n<\/tr>\n<tr>\n<td>CUENCA, MAR\u00cdA LAURA<\/td>\n<td>Profesor\/a de Educaci\u00f3n Primaria<\/td>\n<\/tr>\n<tr>\n<td>DAIEZ, VERONICA SOLEDAD<\/td>\n<td>Profesor\/a de Educaci\u00f3n Primaria<\/td>\n<\/tr>\n<tr>\n<td>DAVILA, ROC\u00cdO AYEL\u00c9N<\/td>\n<td>Profesor\/a de Educaci\u00f3n Primaria<\/td>\n<\/tr>\n<tr>\n<td>DE BATTISTA, ANABELLA<\/td>\n<td>Profesor\/a de Educaci\u00f3n Primaria<\/td>\n<\/tr>\n<tr>\n<td>de la FUENTE, JESICA FABIANA<\/td>\n<td>Profesor\/a de Educaci\u00f3n Primaria<\/td>\n<\/tr>\n<tr>\n<td>DECIMA, BRENDA AYEL\u00c9N<\/td>\n<td>Profesor\/a de Educaci\u00f3n Primaria<\/td>\n<\/tr>\n<tr>\n<td>DELSUD, SILVIA MICAELA<\/td>\n<td>Profesor\/a de Educaci\u00f3n Primaria<\/td>\n<\/tr>\n<tr>\n<td>DEMOOR, MILAGROS MACARENA<\/td>\n<td>Profesor\/a de Educaci\u00f3n Primaria<\/td>\n<\/tr>\n<tr>\n<td>DI MEGLIO, MARINA INES<\/td>\n<td>Profesor\/a de Educaci\u00f3n Primaria<\/td>\n<\/tr>\n<tr>\n<td>DIAZ, ROC\u00cdO BEL\u00c9N<\/td>\n<td>Profesor\/a de Educaci\u00f3n Primaria<\/td>\n<\/tr>\n<tr>\n<td>DIOCA, CAMILA MELISA<\/td>\n<td>Profesor\/a de Educaci\u00f3n Primaria<\/td>\n<\/tr>\n<tr>\n<td>DOMINGUEZ, GLADYS LUJ\u00c1N<\/td>\n<td>Profesor\/a de Educaci\u00f3n Primaria<\/td>\n<\/tr>\n<tr>\n<td>DUARTE, AGUSTINA FLORENCIA<\/td>\n<td>Profesor\/a de Educaci\u00f3n Primaria<\/td>\n<\/tr>\n<tr>\n<td>DURAN, EDITH REGINA<\/td>\n<td>Profesor\/a de Educaci\u00f3n Primaria<\/td>\n<\/tr>\n<tr>\n<td>D\u00cdAZ, STEFANIA MICAELA<\/td>\n<td>Profesor\/a de Educaci\u00f3n Primaria<\/td>\n<\/tr>\n<tr>\n<td>ESPINOZA, YESICA YANINA<\/td>\n<td>Profesor\/a de Educaci\u00f3n Primaria<\/td>\n<\/tr>\n<tr>\n<td>ESTAVILLO, MARIA VICTORIA<\/td>\n<td>Profesor\/a de Educaci\u00f3n Primaria<\/td>\n<\/tr>\n<tr>\n<td>FARIZANO, AIXA ANTONELLA<\/td>\n<td>Profesor\/a de Educaci\u00f3n Primaria<\/td>\n<\/tr>\n<tr>\n<td>FERNANDEZ, MAGAL\u00cd<\/td>\n<td>Profesor\/a de Educaci\u00f3n Primaria<\/td>\n<\/tr>\n<tr>\n<td>FERNANDEZ, NATALIA SOLEDAD<\/td>\n<td>Profesor\/a de Educaci\u00f3n Primaria<\/td>\n<\/tr>\n<tr>\n<td>FERNANDEZ MELOTTI, MELANY<\/td>\n<td>Profesor\/a de Educaci\u00f3n Primaria<\/td>\n<\/tr>\n<tr>\n<td>FIRMAPAZ, CAROLINA<\/td>\n<td>Profesor\/a de Educaci\u00f3n Primaria<\/td>\n<\/tr>\n<tr>\n<td>FLAMARIQUE, MICAELA AGUSTINA<\/td>\n<td>Profesor\/a de Educaci\u00f3n Primaria<\/td>\n<\/tr>\n<tr>\n<td>FUNES, RUTH ESTER<\/td>\n<td>Profesor\/a de Educaci\u00f3n Primaria<\/td>\n<\/tr>\n<tr>\n<td>GAGLIOLO, GERALDINE<\/td>\n<td>Profesor\/a de Educaci\u00f3n Primaria<\/td>\n<\/tr>\n<tr>\n<td>GALEAZZI, JULIETA<\/td>\n<td>Profesor\/a de Educaci\u00f3n Primaria<\/td>\n<\/tr>\n<tr>\n<td>GALVAN, JIMENA GISELE<\/td>\n<td>Profesor\/a de Educaci\u00f3n Primaria<\/td>\n<\/tr>\n<tr>\n<td>GANGA, DANIELA M\u00d3NICA<\/td>\n<td>Profesor\/a de Educaci\u00f3n Primaria<\/td>\n<\/tr>\n<tr>\n<td>GARCIA, CHIARA AYELEN<\/td>\n<td>Profesor\/a de Educaci\u00f3n Primaria<\/td>\n<\/tr>\n<tr>\n<td>GARCIA, MARIANA SOLEDAD<\/td>\n<td>Profesor\/a de Educaci\u00f3n Primaria<\/td>\n<\/tr>\n<tr>\n<td>GARCIA CURICHE, MELISA JUDITH<\/td>\n<td>Profesor\/a de Educaci\u00f3n Primaria<\/td>\n<\/tr>\n<tr>\n<td>GARC\u00cdA ROM\u00c1N, MAR\u00cdAJOS\u00c9<\/td>\n<td>Profesor\/a de Educaci\u00f3n Primaria<\/td>\n<\/tr>\n<tr>\n<td>GIMENEZ, ROCIO MICAELA<\/td>\n<td>Profesor\/a de Educaci\u00f3n Primaria<\/td>\n<\/tr>\n<tr>\n<td>GODOY, SOF\u00cdA MICAELA<\/td>\n<td>Profesor\/a de Educaci\u00f3n Primaria<\/td>\n<\/tr>\n<tr>\n<td>GONZALEZ, ERIKA LUDMILA<\/td>\n<td>Profesor\/a de Educaci\u00f3n Primaria<\/td>\n<\/tr>\n<tr>\n<td>GONZALEZ, KAREN YANET<\/td>\n<td>Profesor\/a de Educaci\u00f3n Primaria<\/td>\n<\/tr>\n<tr>\n<td>GONZALEZ DENIS, ALDANA<\/td>\n<td>Profesor\/a de Educaci\u00f3n Primaria<\/td>\n<\/tr>\n<tr>\n<td>GONZALEZ PACHECO, LUC\u00cdA BEL\u00c9N<\/td>\n<td>Profesor\/a de Educaci\u00f3n Primaria<\/td>\n<\/tr>\n<tr>\n<td>GOYENA GONZALEZ, LUC\u00cdA ANTONELLA<\/td>\n<td>Profesor\/a de Educaci\u00f3n Primaria<\/td>\n<\/tr>\n<tr>\n<td>GRECO, MILAGROS MARIA<\/td>\n<td>Profesor\/a de Educaci\u00f3n Primaria<\/td>\n<\/tr>\n<tr>\n<td>GUTIERREZ, MICAELA<\/td>\n<td>Profesor\/a de Educaci\u00f3n Primaria<\/td>\n<\/tr>\n<tr>\n<td>HAMUD, GISELE YASMIN<\/td>\n<td>Profesor\/a de Educaci\u00f3n Primaria<\/td>\n<\/tr>\n<tr>\n<td>HARISGARAT, DAFNE<\/td>\n<td>Profesor\/a de Educaci\u00f3n Primaria<\/td>\n<\/tr>\n<tr>\n<td>HERNANDEZ, MICAELA STELLA MARIS<\/td>\n<td>Profesor\/a de Educaci\u00f3n Primaria<\/td>\n<\/tr>\n<tr>\n<td>HESSE, ALDANA<\/td>\n<td>Profesor\/a de Educaci\u00f3n Primaria<\/td>\n<\/tr>\n<tr>\n<td>JAEN, YESICA SOLANGE<\/td>\n<td>Profesor\/a de Educaci\u00f3n Primaria<\/td>\n<\/tr>\n<tr>\n<td>JEREZ, MARIA BELEN<\/td>\n<td>Profesor\/a de Educaci\u00f3n Primaria<\/td>\n<\/tr>\n<tr>\n<td>JUAREZ, ROCIO AYELEN<\/td>\n<td>Profesor\/a de Educaci\u00f3n Primaria<\/td>\n<\/tr>\n<tr>\n<td>KDOUH, MAR\u00cdA EUGENIA<\/td>\n<td>Profesor\/a de Educaci\u00f3n Primaria<\/td>\n<\/tr>\n<tr>\n<td>LAZ, ROMINA LETICIA<\/td>\n<td>Profesor\/a de Educaci\u00f3n Primaria<\/td>\n<\/tr>\n<tr>\n<td>LOPEZ, DAIANA MURIEL<\/td>\n<td>Profesor\/a de Educaci\u00f3n Primaria<\/td>\n<\/tr>\n<tr>\n<td>LOPEZ, LILIAN SOLEDAD RAMONA<\/td>\n<td>Profesor\/a de Educaci\u00f3n Primaria<\/td>\n<\/tr>\n<tr>\n<td>LOPEZ, LUCIANA GABRIELA<\/td>\n<td>Profesor\/a de Educaci\u00f3n Primaria<\/td>\n<\/tr>\n<tr>\n<td>LOZANO, FLORENCIA<\/td>\n<td>Profesor\/a de Educaci\u00f3n Primaria<\/td>\n<\/tr>\n<tr>\n<td>MALVICA, MELISA CAMILA<\/td>\n<td>Profesor\/a de Educaci\u00f3n Primaria<\/td>\n<\/tr>\n<tr>\n<td>MAMANI TORREZ, EVA ROXANA<\/td>\n<td>Profesor\/a de Educaci\u00f3n Primaria<\/td>\n<\/tr>\n<tr>\n<td>MANGONE, MICAELA NOEL\u00cd<\/td>\n<td>Profesor\/a de Educaci\u00f3n Primaria<\/td>\n<\/tr>\n<tr>\n<td>MANRIQUE, BRENDA CAROLINA<\/td>\n<td>Profesor\/a de Educaci\u00f3n Primaria<\/td>\n<\/tr>\n<tr>\n<td>MANSILLA, AGUSTIN DANIEL<\/td>\n<td>Profesor\/a de Educaci\u00f3n Primaria<\/td>\n<\/tr>\n<tr>\n<td>MANSILLA, CLAUDIO ALEJANDRO<\/td>\n<td>Profesor\/a de Educaci\u00f3n Primaria<\/td>\n<\/tr>\n<tr>\n<td>MANSILLA NU\u00d1EZ, PAULA<\/td>\n<td>Profesor\/a de Educaci\u00f3n Primaria<\/td>\n<\/tr>\n<tr>\n<td>MARCONI, MAIRA LOURDES ALEJANDRA<\/td>\n<td>Profesor\/a de Educaci\u00f3n Primaria<\/td>\n<\/tr>\n<tr>\n<td>MARINANGELI, CAROLINA MARCELA<\/td>\n<td>Profesor\/a de Educaci\u00f3n Primaria<\/td>\n<\/tr>\n<tr>\n<td>MARTELLI , CAROLINA<\/td>\n<td>Profesor\/a de Educaci\u00f3n Primaria<\/td>\n<\/tr>\n<tr>\n<td>MARTIN, KAREN SOLANGE<\/td>\n<td>Profesor\/a de Educaci\u00f3n Primaria<\/td>\n<\/tr>\n<tr>\n<td>MARTORELLO, JULIETA LUC\u00cdA<\/td>\n<td>Profesor\/a de Educaci\u00f3n Primaria<\/td>\n<\/tr>\n<tr>\n<td>MART\u00cdNEZ, CARLA SABRINA<\/td>\n<td>Profesor\/a de Educaci\u00f3n Primaria<\/td>\n<\/tr>\n<tr>\n<td>MAZA, MARIANA<\/td>\n<td>Profesor\/a de Educaci\u00f3n Primaria<\/td>\n<\/tr>\n<tr>\n<td>MECATTI, CARLOS EDUARDO<\/td>\n<td>Profesor\/a de Educaci\u00f3n Primaria<\/td>\n<\/tr>\n<tr>\n<td>MEGRA, FLORENCIA NEREA<\/td>\n<td>Profesor\/a de Educaci\u00f3n Primaria<\/td>\n<\/tr>\n<tr>\n<td>MELLADO, CINTIA LORENA SIBILA<\/td>\n<td>Profesor\/a de Educaci\u00f3n Primaria<\/td>\n<\/tr>\n<tr>\n<td>MELO GOMES DA COSTA, JOHANNA NADIA<\/td>\n<td>Profesor\/a de Educaci\u00f3n Primaria<\/td>\n<\/tr>\n<tr>\n<td>MENDEZ, MARIA FLORENCIA<\/td>\n<td>Profesor\/a de Educaci\u00f3n Primaria<\/td>\n<\/tr>\n<tr>\n<td>MILLOC, DAIANA MILAGROS<\/td>\n<td>Profesor\/a de Educaci\u00f3n Primaria<\/td>\n<\/tr>\n<tr>\n<td>MIQUEO, LUC\u00cdA<\/td>\n<td>Profesor\/a de Educaci\u00f3n Primaria<\/td>\n<\/tr>\n<tr>\n<td>MONTENEGRO, ANGELA DANIELA<\/td>\n<td>Profesor\/a de Educaci\u00f3n Primaria<\/td>\n<\/tr>\n<tr>\n<td>MORALES, BRENDA BEL\u00c9N<\/td>\n<td>Profesor\/a de Educaci\u00f3n Primaria<\/td>\n<\/tr>\n<tr>\n<td>MOREYRA, PATRICIA ELIZABETH<\/td>\n<td>Profesor\/a de Educaci\u00f3n Primaria<\/td>\n<\/tr>\n<tr>\n<td>MOYANO BORDALEJO, JULIETA BEL\u00c9N<\/td>\n<td>Profesor\/a de Educaci\u00f3n Primaria<\/td>\n<\/tr>\n<tr>\n<td>NEGRIOLI, MARIA JULIETA<\/td>\n<td>Profesor\/a de Educaci\u00f3n Primaria<\/td>\n<\/tr>\n<tr>\n<td>NIEVA, LAURA CAROLINA<\/td>\n<td>Profesor\/a de Educaci\u00f3n Primaria<\/td>\n<\/tr>\n<tr>\n<td>NOBILE, IVANNA ANTONELLA<\/td>\n<td>Profesor\/a de Educaci\u00f3n Primaria<\/td>\n<\/tr>\n<tr>\n<td>NOCHETTI, MILAGROS AYEL\u00c9N<\/td>\n<td>Profesor\/a de Educaci\u00f3n Primaria<\/td>\n<\/tr>\n<tr>\n<td>NODAR, BRENDA CAMILA<\/td>\n<td>Profesor\/a de Educaci\u00f3n Primaria<\/td>\n<\/tr>\n<tr>\n<td>NONIS, VANESA LAURA<\/td>\n<td>Profesor\/a de Educaci\u00f3n Primaria<\/td>\n<\/tr>\n<tr>\n<td>ORELLANO, DIAMELA SELENE<\/td>\n<td>Profesor\/a de Educaci\u00f3n Primaria<\/td>\n<\/tr>\n<tr>\n<td>ORELLANO, NELIDA VANESA<\/td>\n<td>Profesor\/a de Educaci\u00f3n Primaria<\/td>\n<\/tr>\n<tr>\n<td>PANKOW, CARINA NOELIA<\/td>\n<td>Profesor\/a de Educaci\u00f3n Primaria<\/td>\n<\/tr>\n<tr>\n<td>PANZA, CORINA ILEANA<\/td>\n<td>Profesor\/a de Educaci\u00f3n Primaria<\/td>\n<\/tr>\n<tr>\n<td>PAV\u00d3N, GEORGINA DAIANA<\/td>\n<td>Profesor\/a de Educaci\u00f3n Primaria<\/td>\n<\/tr>\n<tr>\n<td>PAZOS, NATALIA AYELEN<\/td>\n<td>Profesor\/a de Educaci\u00f3n Primaria<\/td>\n<\/tr>\n<tr>\n<td>PERALTA, FERNANDA BEATRIZ<\/td>\n<td>Profesor\/a de Educaci\u00f3n Primaria<\/td>\n<\/tr>\n<tr>\n<td>PEREZ, DAIANA AYEL\u00c9N<\/td>\n<td>Profesor\/a de Educaci\u00f3n Primaria<\/td>\n<\/tr>\n<tr>\n<td>PEREZ, MELANY ROSA<\/td>\n<td>Profesor\/a de Educaci\u00f3n Primaria<\/td>\n<\/tr>\n<tr>\n<td>PE\u00d1ALBA , PAMELA ROMINA<\/td>\n<td>Profesor\/a de Educaci\u00f3n Primaria<\/td>\n<\/tr>\n<tr>\n<td>PIANCIOLA, STEFANIA JULIETA<\/td>\n<td>Profesor\/a de Educaci\u00f3n Primaria<\/td>\n<\/tr>\n<tr>\n<td>PIROZZI, KAREN DENISE<\/td>\n<td>Profesor\/a de Educaci\u00f3n Primaria<\/td>\n<\/tr>\n<tr>\n<td>PRADO, FLORENCIA AGUSTINA<\/td>\n<td>Profesor\/a de Educaci\u00f3n Primaria<\/td>\n<\/tr>\n<tr>\n<td>PREZZAVENTO, MARIA CATALINA<\/td>\n<td>Profesor\/a de Educaci\u00f3n Primaria<\/td>\n<\/tr>\n<tr>\n<td>QUADRELLI POGORZELSKY, GIOVANNA ORNELLA<\/td>\n<td>Profesor\/a de Educaci\u00f3n Primaria<\/td>\n<\/tr>\n<tr>\n<td>QUIROGA, MARIA SOLEDAD<\/td>\n<td>Profesor\/a de Educaci\u00f3n Primaria<\/td>\n<\/tr>\n<tr>\n<td>REGALADO, MARIA DE LOS ANGELES<\/td>\n<td>Profesor\/a de Educaci\u00f3n Primaria<\/td>\n<\/tr>\n<tr>\n<td>RICCARDI, FABIANA<\/td>\n<td>Profesor\/a de Educaci\u00f3n Primaria<\/td>\n<\/tr>\n<tr>\n<td>RIGGILLO, ORIANA MICAELA<\/td>\n<td>Profesor\/a de Educaci\u00f3n Primaria<\/td>\n<\/tr>\n<tr>\n<td>ROBLES, PAMELA ROSANA<\/td>\n<td>Profesor\/a de Educaci\u00f3n Primaria<\/td>\n<\/tr>\n<tr>\n<td>ROCCO, NATALIA JAQUELINE<\/td>\n<td>Profesor\/a de Educaci\u00f3n Primaria<\/td>\n<\/tr>\n<tr>\n<td>RODRIGUES DA SILVA, LILIA VIVIANA<\/td>\n<td>Profesor\/a de Educaci\u00f3n Primaria<\/td>\n<\/tr>\n<tr>\n<td>RODRIGUEZ, JUAN FRANCISCO<\/td>\n<td>Profesor\/a de Educaci\u00f3n Primaria<\/td>\n<\/tr>\n<tr>\n<td>RODRIGUEZ GAITAN, EVELYN TAMARA<\/td>\n<td>Profesor\/a de Educaci\u00f3n Primaria<\/td>\n<\/tr>\n<tr>\n<td>RODR\u00cdGUEZ BUZIO, NICOL\u00c1S PAULINO<\/td>\n<td>Profesor\/a de Educaci\u00f3n Primaria<\/td>\n<\/tr>\n<tr>\n<td>ROMERO, PAULA AYEL\u00c9N<\/td>\n<td>Profesor\/a de Educaci\u00f3n Primaria<\/td>\n<\/tr>\n<tr>\n<td>ROTCHE, H\u00c9CTOR DAR\u00cdO<\/td>\n<td>Profesor\/a de Educaci\u00f3n Primaria<\/td>\n<\/tr>\n<tr>\n<td>RUPPEL, FLORENCIA<\/td>\n<td>Profesor\/a de Educaci\u00f3n Primaria<\/td>\n<\/tr>\n<tr>\n<td>SAYAS, JAZMIN AINARA<\/td>\n<td>Profesor\/a de Educaci\u00f3n Primaria<\/td>\n<\/tr>\n<tr>\n<td>SELEY, MARIANA SOLEDAD<\/td>\n<td>Profesor\/a de Educaci\u00f3n Primaria<\/td>\n<\/tr>\n<tr>\n<td>SILVA, CECILIA ANDREA<\/td>\n<td>Profesor\/a de Educaci\u00f3n Primaria<\/td>\n<\/tr>\n<tr>\n<td>SOLER, NADIA DANIELA<\/td>\n<td>Profesor\/a de Educaci\u00f3n Primaria<\/td>\n<\/tr>\n<tr>\n<td>SUAREZ, JESICA VANINA<\/td>\n<td>Profesor\/a de Educaci\u00f3n Primaria<\/td>\n<\/tr>\n<tr>\n<td>SULLIVAN, MIRNA IVANA<\/td>\n<td>Profesor\/a de Educaci\u00f3n Primaria<\/td>\n<\/tr>\n<tr>\n<td>TABOADA , BRENDA AGUSTINA<\/td>\n<td>Profesor\/a de Educaci\u00f3n Primaria<\/td>\n<\/tr>\n<tr>\n<td>TARIFA, YANET STELLA MARIS<\/td>\n<td>Profesor\/a de Educaci\u00f3n Primaria<\/td>\n<\/tr>\n<tr>\n<td>TOBIO, ADRI\u00c1N PABLO<\/td>\n<td>Profesor\/a de Educaci\u00f3n Primaria<\/td>\n<\/tr>\n<tr>\n<td>VALDEBENITO, N\u00c9LIDA NOEM\u00cd<\/td>\n<td>Profesor\/a de Educaci\u00f3n Primaria<\/td>\n<\/tr>\n<tr>\n<td>VASKOVSKA, ALISA<\/td>\n<td>Profesor\/a de Educaci\u00f3n Primaria<\/td>\n<\/tr>\n<tr>\n<td>VATIERO, SAMANTA CARLA ANA<\/td>\n<td>Profesor\/a de Educaci\u00f3n Primaria<\/td>\n<\/tr>\n<tr>\n<td>VERDUM, GABRIELA ALEJANDRA<\/td>\n<td>Profesor\/a de Educaci\u00f3n Primaria<\/td>\n<\/tr>\n<tr>\n<td>VILLA, ROCIO BELEN<\/td>\n<td>Profesor\/a de Educaci\u00f3n Primaria<\/td>\n<\/tr>\n<tr>\n<td>VILLANUEVA, LUCIANA BEATRIZ<\/td>\n<td>Profesor\/a de Educaci\u00f3n Primaria<\/td>\n<\/tr>\n<tr>\n<td>VIVIANI, MAR\u00cdA FERNANDA<\/td>\n<td>Profesor\/a de Educaci\u00f3n Primaria<\/td>\n<\/tr>\n<tr>\n<td>YEVENES, MARIA FLORENCIA<\/td>\n<td>Profesor\/a de Educaci\u00f3n Primaria<\/td>\n<\/tr>\n<tr>\n<td>ZAMBOTTI, PAOLA GISELLE<\/td>\n<td>Profesor\/a de Educaci\u00f3n Primaria<\/td>\n<\/tr>\n<tr>\n<td>ZELAYA, MARIANA ESTEFANIA<\/td>\n<td>Profesor\/a de Educaci\u00f3n Primaria<\/td>\n<\/tr>\n<tr>\n<td>ZU\u00d1IGA VALENZUELA, PAULA BELEN<\/td>\n<td>Profesor\/a de Educaci\u00f3n Primaria<\/td>\n<\/tr>\n<\/tbody>\n<\/table>\n<\/div>\n<div><\/div>\n<div>Un cordial saludo<\/div>\n<div>&nbsp;<\/div>\n<div>Equipo Directivo<\/div>\n<style>\ntable, th, td {\n  border: 1px solid dimgray;\nfont-size:80%;\n}\n<\/style>\n","protected":false},"excerpt":{"rendered":"<p>Les comunicamos algunas cuestiones organizativas que tienen que ver con decisiones institucionales en relaci\u00f3n a la situaci\u00f3n sanitaria actual y a la cantidad de egresados\/as en este acto de colaci\u00f3n. Cada egresado\/a podr\u00e1 concurrir con dos acompa\u00f1antes. Se entregar\u00e1 constancia de participaci\u00f3n al acto, a quienes lo requieran, ese d\u00eda. Se organiz\u00f3 en dos turnos, &#8230; <a title=\"Organizaci\u00f3n Acto de Colaci\u00f3n 2021\" class=\"read-more\" href=\"https:\/\/isfd19-bue.infd.edu.ar\/sitio\/organizacion-acto-de-colacion-2021\/\" aria-label=\"More on Organizaci\u00f3n Acto de Colaci\u00f3n 2021\">[+]<\/a><\/p>\n","protected":false},"author":618,"featured_media":0,"comment_status":"open","ping_status":"open","sticky":false,"template":"","format":"standard","meta":[],"categories":[1],"tags":[29,30,27,28],"acf":[],"_links":{"self":[{"href":"https:\/\/isfd19-bue.infd.edu.ar\/sitio\/wp-json\/wp\/v2\/posts\/4361"}],"collection":[{"href":"https:\/\/isfd19-bue.infd.edu.ar\/sitio\/wp-json\/wp\/v2\/posts"}],"about":[{"href":"https:\/\/isfd19-bue.infd.edu.ar\/sitio\/wp-json\/wp\/v2\/types\/post"}],"author":[{"embeddable":true,"href":"https:\/\/isfd19-bue.infd.edu.ar\/sitio\/wp-json\/wp\/v2\/users\/618"}],"replies":[{"embeddable":true,"href":"https:\/\/isfd19-bue.infd.edu.ar\/sitio\/wp-json\/wp\/v2\/comments?post=4361"}],"version-history":[{"count":3,"href":"https:\/\/isfd19-bue.infd.edu.ar\/sitio\/wp-json\/wp\/v2\/posts\/4361\/revisions"}],"predecessor-version":[{"id":4366,"href":"https:\/\/isfd19-bue.infd.edu.ar\/sitio\/wp-json\/wp\/v2\/posts\/4361\/revisions\/4366"}],"wp:attachment":[{"href":"https:\/\/isfd19-bue.infd.edu.ar\/sitio\/wp-json\/wp\/v2\/media?parent=4361"}],"wp:term":[{"taxonomy":"category","embeddable":true,"href":"https:\/\/isfd19-bue.infd.edu.ar\/sitio\/wp-json\/wp\/v2\/categories?post=4361"},{"taxonomy":"post_tag","embeddable":true,"href":"https:\/\/isfd19-bue.infd.edu.ar\/sitio\/wp-json\/wp\/v2\/tags?post=4361"}],"curies":[{"name":"wp","href":"https:\/\/api.w.org\/{rel}","templated":true}]}}