{"id":4105,"date":"2021-06-30T21:22:38","date_gmt":"2021-07-01T00:22:38","guid":{"rendered":"https:\/\/isfd19-bue.infd.edu.ar\/sitio\/?p=4105"},"modified":"2021-06-30T21:22:38","modified_gmt":"2021-07-01T00:22:38","slug":"apertura-de-un-nuevo-postitulo-en-educacion-especial-y-tramo-de-formacion-complementaria","status":"publish","type":"post","link":"https:\/\/isfd19-bue.infd.edu.ar\/sitio\/apertura-de-un-nuevo-postitulo-en-educacion-especial-y-tramo-de-formacion-complementaria\/","title":{"rendered":"Apertura de un nuevo post\u00edtulo en Educaci\u00f3n Especial y Tramo de formaci\u00f3n complementaria"},"content":{"rendered":"<p>Seguimos con excelentes noticias para nuestro Instituto!<\/p>\n<p>Nos acaban de seleccionar, junto a otros seis institutos de la provincia, para ser sede de un post\u00edtulo y de un tramo de formaci\u00f3n complementaria, ambos trayectos para Educaci\u00f3n Especial:<\/p>\n<p>Post\u00edtulo Especializaci\u00f3n Docente de Nivel Superior para Estudiantes con Alteraci\u00f3n en el desarrollo y la constituci\u00f3n subjetiva (TES).Res. 1164\/19 &#8211; Anexo I<\/p>\n<p>Tramo de formaci\u00f3n complementaria dirigido a profesionales de la Psicolog\u00eda para la atenci\u00f3n de estudiantes con alteraciones en el desarrollo y la constituci\u00f3n subjetiva. Res. 1164\/19 &#8211; Anexo II<\/p>\n<p>Desde nivel central nos enviar\u00e1n la modalidad de inscripci\u00f3n, y seguiremos con la difusi\u00f3n.<\/p>\n<p>Estamos organizando los llamados a concurso para la cobertura de las materias del post\u00edtulo y del tramo complementario, y estar\u00e1n publicadas prontamente en el muro de esta plataforma.<\/p>\n<p>Seguimos en contacto!<\/p>\n<p>Equipo Directivo<\/p>\n","protected":false},"excerpt":{"rendered":"<p>Seguimos con excelentes noticias para nuestro Instituto! Nos acaban de seleccionar, junto a otros seis institutos de la provincia, para ser sede de un post\u00edtulo y de un tramo de formaci\u00f3n complementaria, ambos trayectos para Educaci\u00f3n Especial: Post\u00edtulo Especializaci\u00f3n Docente de Nivel Superior para Estudiantes con Alteraci\u00f3n en el desarrollo y la constituci\u00f3n subjetiva (TES).Res. &#8230; <a title=\"Apertura de un nuevo post\u00edtulo en Educaci\u00f3n Especial y Tramo de formaci\u00f3n complementaria\" class=\"read-more\" href=\"https:\/\/isfd19-bue.infd.edu.ar\/sitio\/apertura-de-un-nuevo-postitulo-en-educacion-especial-y-tramo-de-formacion-complementaria\/\" aria-label=\"More on Apertura de un nuevo post\u00edtulo en Educaci\u00f3n Especial y Tramo de formaci\u00f3n complementaria\">[+]<\/a><\/p>\n","protected":false},"author":420,"featured_media":0,"comment_status":"open","ping_status":"open","sticky":false,"template":"","format":"standard","meta":[],"categories":[1],"tags":[],"acf":[],"_links":{"self":[{"href":"https:\/\/isfd19-bue.infd.edu.ar\/sitio\/wp-json\/wp\/v2\/posts\/4105"}],"collection":[{"href":"https:\/\/isfd19-bue.infd.edu.ar\/sitio\/wp-json\/wp\/v2\/posts"}],"about":[{"href":"https:\/\/isfd19-bue.infd.edu.ar\/sitio\/wp-json\/wp\/v2\/types\/post"}],"author":[{"embeddable":true,"href":"https:\/\/isfd19-bue.infd.edu.ar\/sitio\/wp-json\/wp\/v2\/users\/420"}],"replies":[{"embeddable":true,"href":"https:\/\/isfd19-bue.infd.edu.ar\/sitio\/wp-json\/wp\/v2\/comments?post=4105"}],"version-history":[{"count":1,"href":"https:\/\/isfd19-bue.infd.edu.ar\/sitio\/wp-json\/wp\/v2\/posts\/4105\/revisions"}],"predecessor-version":[{"id":4106,"href":"https:\/\/isfd19-bue.infd.edu.ar\/sitio\/wp-json\/wp\/v2\/posts\/4105\/revisions\/4106"}],"wp:attachment":[{"href":"https:\/\/isfd19-bue.infd.edu.ar\/sitio\/wp-json\/wp\/v2\/media?parent=4105"}],"wp:term":[{"taxonomy":"category","embeddable":true,"href":"https:\/\/isfd19-bue.infd.edu.ar\/sitio\/wp-json\/wp\/v2\/categories?post=4105"},{"taxonomy":"post_tag","embeddable":true,"href":"https:\/\/isfd19-bue.infd.edu.ar\/sitio\/wp-json\/wp\/v2\/tags?post=4105"}],"curies":[{"name":"wp","href":"https:\/\/api.w.org\/{rel}","templated":true}]}}