{"id":4102,"date":"2021-06-30T11:37:50","date_gmt":"2021-06-30T14:37:50","guid":{"rendered":"https:\/\/isfd19-bue.infd.edu.ar\/sitio\/?p=4102"},"modified":"2021-06-30T11:37:50","modified_gmt":"2021-06-30T14:37:50","slug":"ciclo-preguntas-pedagogicas-encuentro-con-pablo-imen","status":"publish","type":"post","link":"https:\/\/isfd19-bue.infd.edu.ar\/sitio\/ciclo-preguntas-pedagogicas-encuentro-con-pablo-imen\/","title":{"rendered":"Ciclo Preguntas Pedag\u00f3gicas: encuentro con Pablo Imen"},"content":{"rendered":"<p>Buenos d\u00edas! Les contamos que en nuestro ciclo de Formaci\u00f3n Permanente \u00abPreguntas Pedag\u00f3gicas\u00bb el d\u00eda martes 6 de julio a las 18.30 hs. conversaremos con el Profesor Pablo Imen, profesor de historia. La charla se denomina \u00abLa pandemia como territorio de disputas. Los desaf\u00edos de una educaci\u00f3n emancipadora nuestroamericana\u00bb.<\/p>\n<p>Como en todo el ciclo, para integrantes de la comunidad del Instituto, la inscripci\u00f3n ser\u00e1 a traves del formulario que dejamos ac\u00e1 enlace, y para externxs a traves del canal de Youtoube.<\/p>\n<p>Lxs esperamos!<\/p>\n<p>https:\/\/forms.gle\/YVaGRMq81auoyNWR8<\/p>\n<p><img decoding=\"async\" loading=\"lazy\" class=\"alignnone size-medium wp-image-4103\" src=\"https:\/\/isfd19-bue.infd.edu.ar\/sitio\/wp-content\/uploads\/2021\/06\/Pablo-Imen-645x1000.jpeg\" alt=\"\" width=\"645\" height=\"1000\" srcset=\"https:\/\/isfd19-bue.infd.edu.ar\/sitio\/wp-content\/uploads\/2021\/06\/Pablo-Imen-645x1000.jpeg 645w, https:\/\/isfd19-bue.infd.edu.ar\/sitio\/wp-content\/uploads\/2021\/06\/Pablo-Imen-768x1192.jpeg 768w, https:\/\/isfd19-bue.infd.edu.ar\/sitio\/wp-content\/uploads\/2021\/06\/Pablo-Imen.jpeg 825w\" sizes=\"(max-width: 645px) 100vw, 645px\" \/><\/p>\n","protected":false},"excerpt":{"rendered":"<p>Buenos d\u00edas! Les contamos que en nuestro ciclo de Formaci\u00f3n Permanente \u00abPreguntas Pedag\u00f3gicas\u00bb el d\u00eda martes 6 de julio a las 18.30 hs. conversaremos con el Profesor Pablo Imen, profesor de historia. La charla se denomina \u00abLa pandemia como territorio de disputas. Los desaf\u00edos de una educaci\u00f3n emancipadora nuestroamericana\u00bb. Como en todo el ciclo, para &#8230; <a title=\"Ciclo Preguntas Pedag\u00f3gicas: encuentro con Pablo Imen\" class=\"read-more\" href=\"https:\/\/isfd19-bue.infd.edu.ar\/sitio\/ciclo-preguntas-pedagogicas-encuentro-con-pablo-imen\/\" aria-label=\"More on Ciclo Preguntas Pedag\u00f3gicas: encuentro con Pablo Imen\">[+]<\/a><\/p>\n","protected":false},"author":420,"featured_media":0,"comment_status":"open","ping_status":"open","sticky":false,"template":"","format":"standard","meta":[],"categories":[1],"tags":[],"acf":[],"_links":{"self":[{"href":"https:\/\/isfd19-bue.infd.edu.ar\/sitio\/wp-json\/wp\/v2\/posts\/4102"}],"collection":[{"href":"https:\/\/isfd19-bue.infd.edu.ar\/sitio\/wp-json\/wp\/v2\/posts"}],"about":[{"href":"https:\/\/isfd19-bue.infd.edu.ar\/sitio\/wp-json\/wp\/v2\/types\/post"}],"author":[{"embeddable":true,"href":"https:\/\/isfd19-bue.infd.edu.ar\/sitio\/wp-json\/wp\/v2\/users\/420"}],"replies":[{"embeddable":true,"href":"https:\/\/isfd19-bue.infd.edu.ar\/sitio\/wp-json\/wp\/v2\/comments?post=4102"}],"version-history":[{"count":1,"href":"https:\/\/isfd19-bue.infd.edu.ar\/sitio\/wp-json\/wp\/v2\/posts\/4102\/revisions"}],"predecessor-version":[{"id":4104,"href":"https:\/\/isfd19-bue.infd.edu.ar\/sitio\/wp-json\/wp\/v2\/posts\/4102\/revisions\/4104"}],"wp:attachment":[{"href":"https:\/\/isfd19-bue.infd.edu.ar\/sitio\/wp-json\/wp\/v2\/media?parent=4102"}],"wp:term":[{"taxonomy":"category","embeddable":true,"href":"https:\/\/isfd19-bue.infd.edu.ar\/sitio\/wp-json\/wp\/v2\/categories?post=4102"},{"taxonomy":"post_tag","embeddable":true,"href":"https:\/\/isfd19-bue.infd.edu.ar\/sitio\/wp-json\/wp\/v2\/tags?post=4102"}],"curies":[{"name":"wp","href":"https:\/\/api.w.org\/{rel}","templated":true}]}}