{"id":4095,"date":"2021-06-28T09:51:38","date_gmt":"2021-06-28T12:51:38","guid":{"rendered":"https:\/\/isfd19-bue.infd.edu.ar\/sitio\/?p=4095"},"modified":"2021-06-28T09:51:38","modified_gmt":"2021-06-28T12:51:38","slug":"taller-de-que-hablamos-cuando-decimos-inclusion-profesorado-de-geografia","status":"publish","type":"post","link":"https:\/\/isfd19-bue.infd.edu.ar\/sitio\/taller-de-que-hablamos-cuando-decimos-inclusion-profesorado-de-geografia\/","title":{"rendered":"Taller \u00abDe qu\u00e9 hablamos cuando decimos \u00abInclusi\u00f3n\u00bb Profesorado de Geograf\u00eda"},"content":{"rendered":"<p>Por este medio, se invita a la participaci\u00f3n de todos los docentes en formaci\u00f3n\u00a0 y Profesores de 2do, 3ro y 4to a\u00f1o de la carrera y se invita especialmente a los docentes en formaci\u00f3n y Profesores\u00a0 de 1er a\u00f1o (ambos turnos) del Profesorado en Educaci\u00f3n Especial, a compartir este 2do Taller en el marco de la Pr\u00e1ctica Docente III a cargo del Prof. Juan Panuti, que se realizar\u00e1 el <strong>Mi\u00e9rcoles 30 \/6 a las 17.30 hs.<\/strong><\/p>\n<p>A continuaci\u00f3n dejamos el link de acceso, y el flyer<\/p>\n<p><a href=\"https:\/\/us02web.zoom.us\/j\/83211086457?pwd=NWdPTTd3VWM4WlVPMFJmbFo2OVVEQT09\">https:\/\/us02web.zoom.us\/j\/83211086457?pwd=NWdPTTd3VWM4WlVPMFJmbFo2OVVEQT09<\/a><\/p>\n<p>\u00a1Los Esperamos a todxs!<\/p>\n","protected":false},"excerpt":{"rendered":"<p>Por este medio, se invita a la participaci\u00f3n de todos los docentes en formaci\u00f3n\u00a0 y Profesores de 2do, 3ro y 4to a\u00f1o de la carrera y se invita especialmente a los docentes en formaci\u00f3n y Profesores\u00a0 de 1er a\u00f1o (ambos turnos) del Profesorado en Educaci\u00f3n Especial, a compartir este 2do Taller en el marco de &#8230; <a title=\"Taller \u00abDe qu\u00e9 hablamos cuando decimos \u00abInclusi\u00f3n\u00bb Profesorado de Geograf\u00eda\" class=\"read-more\" href=\"https:\/\/isfd19-bue.infd.edu.ar\/sitio\/taller-de-que-hablamos-cuando-decimos-inclusion-profesorado-de-geografia\/\" aria-label=\"More on Taller \u00abDe qu\u00e9 hablamos cuando decimos \u00abInclusi\u00f3n\u00bb Profesorado de Geograf\u00eda\">[+]<\/a><\/p>\n","protected":false},"author":623,"featured_media":0,"comment_status":"open","ping_status":"open","sticky":false,"template":"","format":"image","meta":[],"categories":[1],"tags":[],"acf":[],"_links":{"self":[{"href":"https:\/\/isfd19-bue.infd.edu.ar\/sitio\/wp-json\/wp\/v2\/posts\/4095"}],"collection":[{"href":"https:\/\/isfd19-bue.infd.edu.ar\/sitio\/wp-json\/wp\/v2\/posts"}],"about":[{"href":"https:\/\/isfd19-bue.infd.edu.ar\/sitio\/wp-json\/wp\/v2\/types\/post"}],"author":[{"embeddable":true,"href":"https:\/\/isfd19-bue.infd.edu.ar\/sitio\/wp-json\/wp\/v2\/users\/623"}],"replies":[{"embeddable":true,"href":"https:\/\/isfd19-bue.infd.edu.ar\/sitio\/wp-json\/wp\/v2\/comments?post=4095"}],"version-history":[{"count":2,"href":"https:\/\/isfd19-bue.infd.edu.ar\/sitio\/wp-json\/wp\/v2\/posts\/4095\/revisions"}],"predecessor-version":[{"id":4098,"href":"https:\/\/isfd19-bue.infd.edu.ar\/sitio\/wp-json\/wp\/v2\/posts\/4095\/revisions\/4098"}],"wp:attachment":[{"href":"https:\/\/isfd19-bue.infd.edu.ar\/sitio\/wp-json\/wp\/v2\/media?parent=4095"}],"wp:term":[{"taxonomy":"category","embeddable":true,"href":"https:\/\/isfd19-bue.infd.edu.ar\/sitio\/wp-json\/wp\/v2\/categories?post=4095"},{"taxonomy":"post_tag","embeddable":true,"href":"https:\/\/isfd19-bue.infd.edu.ar\/sitio\/wp-json\/wp\/v2\/tags?post=4095"}],"curies":[{"name":"wp","href":"https:\/\/api.w.org\/{rel}","templated":true}]}}