{"id":4089,"date":"2021-06-28T00:06:26","date_gmt":"2021-06-28T03:06:26","guid":{"rendered":"https:\/\/isfd19-bue.infd.edu.ar\/sitio\/?p=4089"},"modified":"2021-06-26T14:07:58","modified_gmt":"2021-06-26T17:07:58","slug":"inscripcion-para-sede-batan-profesorado-de-primaria","status":"publish","type":"post","link":"https:\/\/isfd19-bue.infd.edu.ar\/sitio\/inscripcion-para-sede-batan-profesorado-de-primaria\/","title":{"rendered":"Inscripci\u00f3n para sede Bat\u00e1n profesorado de Primaria"},"content":{"rendered":"<p>Comunicamos datos importantes para la inscripci\u00f3n para el profesorado en Educaci\u00f3n Primaria en la sede de Bat\u00e1n. Se extender\u00e1 desde el lunes 28 de junio hasta el 12 de Julio inclusive. A partir de esa fecha realizaremos la confirmaci\u00f3n de las inscripciones.<\/p>\n<p>El horario de cursada ser\u00e1 desde las 17.30 hs hasta las 21.30 hs, y se abrir\u00e1 una sola comisi\u00f3n de primer a\u00f1o.<\/p>\n<p>La modalidad de cursada ser\u00e1 acorde a lo que planteen las medidas sanitarias, y lo iremos anunciando por este sitio, que es la p\u00e1gina oficial del Instituto 19, y por el Facebook institucional: instituto19mdp.<\/p>\n<p>Les dejamos un video tutorial que les ir\u00e1 indicando c\u00f3mo inscribirse, y el link de acceso a la inscripci\u00f3n. Iremos haciendo publicaciones para poder mantenernos comunicadxs.<\/p>\n<p>Este es el inicio de un hermoso recorrido, y tiene que ver con nuestro prop\u00f3sito, que es el derecho de todxs a la educaci\u00f3n superior.<\/p>\n<p>Equipo Instituto 19<\/p>\n<div style=\"width: 1042px;\" class=\"wp-video\"><!--[if lt IE 9]><script>document.createElement('video');<\/script><![endif]-->\n<video class=\"wp-video-shortcode\" id=\"video-4089-1\" width=\"1042\" height=\"480\" preload=\"metadata\" controls=\"controls\"><source type=\"video\/mp4\" src=\"https:\/\/isfd19-bue.infd.edu.ar\/sitio\/wp-content\/uploads\/2021\/06\/preinscripcion_2021.mp4?_=1\" \/><a href=\"https:\/\/isfd19-bue.infd.edu.ar\/sitio\/wp-content\/uploads\/2021\/06\/preinscripcion_2021.mp4\">https:\/\/isfd19-bue.infd.edu.ar\/sitio\/wp-content\/uploads\/2021\/06\/preinscripcion_2021.mp4<\/a><\/video><\/div>\n<p>LINK : <a href=\"http:\/\/www.isfdn19.edu.ar\/ingreso\/sesion_ingresante.php\">INSCRIPCION SEDE BATAN<\/a><\/p>\n<p>&nbsp;<\/p>\n","protected":false},"excerpt":{"rendered":"<p>Comunicamos datos importantes para la inscripci\u00f3n para el profesorado en Educaci\u00f3n Primaria en la sede de Bat\u00e1n. Se extender\u00e1 desde el lunes 28 de junio hasta el 12 de Julio inclusive. A partir de esa fecha realizaremos la confirmaci\u00f3n de las inscripciones. El horario de cursada ser\u00e1 desde las 17.30 hs hasta las 21.30 hs, &#8230; <a title=\"Inscripci\u00f3n para sede Bat\u00e1n profesorado de Primaria\" class=\"read-more\" href=\"https:\/\/isfd19-bue.infd.edu.ar\/sitio\/inscripcion-para-sede-batan-profesorado-de-primaria\/\" aria-label=\"More on Inscripci\u00f3n para sede Bat\u00e1n profesorado de Primaria\">[+]<\/a><\/p>\n","protected":false},"author":420,"featured_media":0,"comment_status":"open","ping_status":"open","sticky":false,"template":"","format":"video","meta":[],"categories":[1],"tags":[],"acf":[],"_links":{"self":[{"href":"https:\/\/isfd19-bue.infd.edu.ar\/sitio\/wp-json\/wp\/v2\/posts\/4089"}],"collection":[{"href":"https:\/\/isfd19-bue.infd.edu.ar\/sitio\/wp-json\/wp\/v2\/posts"}],"about":[{"href":"https:\/\/isfd19-bue.infd.edu.ar\/sitio\/wp-json\/wp\/v2\/types\/post"}],"author":[{"embeddable":true,"href":"https:\/\/isfd19-bue.infd.edu.ar\/sitio\/wp-json\/wp\/v2\/users\/420"}],"replies":[{"embeddable":true,"href":"https:\/\/isfd19-bue.infd.edu.ar\/sitio\/wp-json\/wp\/v2\/comments?post=4089"}],"version-history":[{"count":3,"href":"https:\/\/isfd19-bue.infd.edu.ar\/sitio\/wp-json\/wp\/v2\/posts\/4089\/revisions"}],"predecessor-version":[{"id":4093,"href":"https:\/\/isfd19-bue.infd.edu.ar\/sitio\/wp-json\/wp\/v2\/posts\/4089\/revisions\/4093"}],"wp:attachment":[{"href":"https:\/\/isfd19-bue.infd.edu.ar\/sitio\/wp-json\/wp\/v2\/media?parent=4089"}],"wp:term":[{"taxonomy":"category","embeddable":true,"href":"https:\/\/isfd19-bue.infd.edu.ar\/sitio\/wp-json\/wp\/v2\/categories?post=4089"},{"taxonomy":"post_tag","embeddable":true,"href":"https:\/\/isfd19-bue.infd.edu.ar\/sitio\/wp-json\/wp\/v2\/tags?post=4089"}],"curies":[{"name":"wp","href":"https:\/\/api.w.org\/{rel}","templated":true}]}}