{"id":4087,"date":"2021-06-23T19:37:32","date_gmt":"2021-06-23T22:37:32","guid":{"rendered":"https:\/\/isfd19-bue.infd.edu.ar\/sitio\/?p=4087"},"modified":"2021-06-23T19:37:32","modified_gmt":"2021-06-23T22:37:32","slug":"cronograma-de-acciones-institucionales-para-la-apertura-de-primer-ano-de-primaria-en-la-sede-de-batan","status":"publish","type":"post","link":"https:\/\/isfd19-bue.infd.edu.ar\/sitio\/cronograma-de-acciones-institucionales-para-la-apertura-de-primer-ano-de-primaria-en-la-sede-de-batan\/","title":{"rendered":"Cronograma de acciones institucionales para la apertura de primer a\u00f1o de Primaria en la sede de Bat\u00e1n"},"content":{"rendered":"<table>\n<tbody>\n<tr>\n<td width=\"294\"><strong>Acciones<\/strong><\/td>\n<td width=\"294\"><strong>Fechas<\/strong><\/p>\n<p><strong>\u00a0<\/strong><\/td>\n<\/tr>\n<tr>\n<td width=\"294\">&nbsp;<\/p>\n<p>Inscripciones ingresantes (1)<\/p>\n<p>&nbsp;<\/td>\n<td width=\"294\">&nbsp;<\/p>\n<p>Desde el lunes 28\/6 hasta el 12\/7<\/td>\n<\/tr>\n<tr>\n<td width=\"294\">&nbsp;<\/p>\n<p>Confirmaci\u00f3n institucional de inscripciones<\/p>\n<p>&nbsp;<\/td>\n<td width=\"294\">&nbsp;<\/p>\n<p>12\/7 al 16\/7<\/td>\n<\/tr>\n<tr>\n<td width=\"294\">&nbsp;<\/p>\n<p>Informaci\u00f3n presencial en Bat\u00e1n (lugar a confirmar)<\/td>\n<td width=\"294\">&nbsp;<\/p>\n<p>S\u00e1bado 3\/7 de 10 a 12 hs.<\/td>\n<\/tr>\n<tr>\n<td width=\"294\">&nbsp;<\/p>\n<p>Taller Inicial (virtual) (2)<\/p>\n<p><em>Durante el receso invernal no habr\u00e1 actividad<\/em><\/td>\n<td width=\"294\">&nbsp;<\/p>\n<p>Desde el 14\/7 hasta el 13\/8<\/td>\n<\/tr>\n<tr>\n<td width=\"294\">&nbsp;<\/p>\n<p>Inicio de cursadas (la modalidad ser\u00e1 seg\u00fan lo indiquen protocolos sanitarios)<\/p>\n<p>&nbsp;<\/td>\n<td width=\"294\">&nbsp;<\/p>\n<p>17\/8<\/td>\n<\/tr>\n<\/tbody>\n<\/table>\n<p>&nbsp;<\/p>\n<ul>\n<li>Publicaremos en la p\u00e1gina del Instituto, wwwisfd19.edu.ar y en el Facebook institucional, instituto19mdp, la modalidad para la inscripci\u00f3n. Habr\u00e1 un video tutorial con las indicaciones. Cualquier duda con respecto a la iscripci\u00f3n podr\u00e1n consultar, durante ese per\u00edodo, al correo <a href=\"mailto:consultasisfd19@gmail.com\">consultasisfd19@gmail.com<\/a><\/li>\n<li>El Taller Inicial es parte del 1\u00b0 a\u00f1o de cada carrera. Van a ser algunos encuentros virtuales en cada semana, previos al comienzo de cursadas.<\/li>\n<\/ul>\n<p><strong>Importante: vamos a publicar todo lo que necesiten para poder inscribirse, y en caso de no poder hacerlo, el s\u00e1bado 3 de Julio estaremos con un equipo de estudiantes, profesorxs, preceptorxs y parte de la comunidad del Instituto para escucharlxs y acompa\u00f1arlxs institucionalmente. Confirmaremos el lugar en el que estaremos.<\/strong><\/p>\n<p>La modalidad de la cursada ser\u00e1 seg\u00fan determinen los protocolos sanitarios del momento de inicio de clases.<\/p>\n<p>El horario de cursadas ser\u00e1 el turno vespertino, desde las 17.30 hs hasta las 21.30 hs., en el edificio de la Escuela Secundaria 9.<\/p>\n<p>Nos seguimos comunicando!<\/p>\n","protected":false},"excerpt":{"rendered":"<p>Acciones Fechas \u00a0 &nbsp; Inscripciones ingresantes (1) &nbsp; &nbsp; Desde el lunes 28\/6 hasta el 12\/7 &nbsp; Confirmaci\u00f3n institucional de inscripciones &nbsp; &nbsp; 12\/7 al 16\/7 &nbsp; Informaci\u00f3n presencial en Bat\u00e1n (lugar a confirmar) &nbsp; S\u00e1bado 3\/7 de 10 a 12 hs. &nbsp; Taller Inicial (virtual) (2) Durante el receso invernal no habr\u00e1 actividad &nbsp; &#8230; <a title=\"Cronograma de acciones institucionales para la apertura de primer a\u00f1o de Primaria en la sede de Bat\u00e1n\" class=\"read-more\" href=\"https:\/\/isfd19-bue.infd.edu.ar\/sitio\/cronograma-de-acciones-institucionales-para-la-apertura-de-primer-ano-de-primaria-en-la-sede-de-batan\/\" aria-label=\"More on Cronograma de acciones institucionales para la apertura de primer a\u00f1o de Primaria en la sede de Bat\u00e1n\">[+]<\/a><\/p>\n","protected":false},"author":420,"featured_media":0,"comment_status":"open","ping_status":"open","sticky":false,"template":"","format":"standard","meta":[],"categories":[1],"tags":[],"acf":[],"_links":{"self":[{"href":"https:\/\/isfd19-bue.infd.edu.ar\/sitio\/wp-json\/wp\/v2\/posts\/4087"}],"collection":[{"href":"https:\/\/isfd19-bue.infd.edu.ar\/sitio\/wp-json\/wp\/v2\/posts"}],"about":[{"href":"https:\/\/isfd19-bue.infd.edu.ar\/sitio\/wp-json\/wp\/v2\/types\/post"}],"author":[{"embeddable":true,"href":"https:\/\/isfd19-bue.infd.edu.ar\/sitio\/wp-json\/wp\/v2\/users\/420"}],"replies":[{"embeddable":true,"href":"https:\/\/isfd19-bue.infd.edu.ar\/sitio\/wp-json\/wp\/v2\/comments?post=4087"}],"version-history":[{"count":1,"href":"https:\/\/isfd19-bue.infd.edu.ar\/sitio\/wp-json\/wp\/v2\/posts\/4087\/revisions"}],"predecessor-version":[{"id":4088,"href":"https:\/\/isfd19-bue.infd.edu.ar\/sitio\/wp-json\/wp\/v2\/posts\/4087\/revisions\/4088"}],"wp:attachment":[{"href":"https:\/\/isfd19-bue.infd.edu.ar\/sitio\/wp-json\/wp\/v2\/media?parent=4087"}],"wp:term":[{"taxonomy":"category","embeddable":true,"href":"https:\/\/isfd19-bue.infd.edu.ar\/sitio\/wp-json\/wp\/v2\/categories?post=4087"},{"taxonomy":"post_tag","embeddable":true,"href":"https:\/\/isfd19-bue.infd.edu.ar\/sitio\/wp-json\/wp\/v2\/tags?post=4087"}],"curies":[{"name":"wp","href":"https:\/\/api.w.org\/{rel}","templated":true}]}}