{"id":4085,"date":"2021-06-23T15:38:55","date_gmt":"2021-06-23T18:38:55","guid":{"rendered":"https:\/\/isfd19-bue.infd.edu.ar\/sitio\/?p=4085"},"modified":"2021-06-23T15:38:55","modified_gmt":"2021-06-23T18:38:55","slug":"atencion-estudiantes-contamos-con-cipe-s-institucionales","status":"publish","type":"post","link":"https:\/\/isfd19-bue.infd.edu.ar\/sitio\/atencion-estudiantes-contamos-con-cipe-s-institucionales\/","title":{"rendered":"Atenci\u00f3n estudiantes! Contamos con CIPE (s) institucionales"},"content":{"rendered":"<p>Ayer recibimos la informaci\u00f3n que luego de una selecci\u00f3n realizada a nivel central, quedaron confirmadxs como Coordinadorxs de Pol\u00edticas Estudiantiles (CIPE) lxs siguientes compa\u00f1erxs: Agostina Alfonso, Carlitos Pardo Y Bel\u00e9n Jerez. Les damos la bienvenida a lxs tres, y prontamente estaremos publicando sus horarios y l\u00edneas de trabajo.<\/p>\n<p>Agos, Carlitos y Bel\u00e9n, lo mejor en esta nueva etapa!<\/p>\n<p>&nbsp;<\/p>\n","protected":false},"excerpt":{"rendered":"<p>Ayer recibimos la informaci\u00f3n que luego de una selecci\u00f3n realizada a nivel central, quedaron confirmadxs como Coordinadorxs de Pol\u00edticas Estudiantiles (CIPE) lxs siguientes compa\u00f1erxs: Agostina Alfonso, Carlitos Pardo Y Bel\u00e9n Jerez. Les damos la bienvenida a lxs tres, y prontamente estaremos publicando sus horarios y l\u00edneas de trabajo. Agos, Carlitos y Bel\u00e9n, lo mejor en &#8230; <a title=\"Atenci\u00f3n estudiantes! Contamos con CIPE (s) institucionales\" class=\"read-more\" href=\"https:\/\/isfd19-bue.infd.edu.ar\/sitio\/atencion-estudiantes-contamos-con-cipe-s-institucionales\/\" aria-label=\"More on Atenci\u00f3n estudiantes! Contamos con CIPE (s) institucionales\">[+]<\/a><\/p>\n","protected":false},"author":420,"featured_media":0,"comment_status":"open","ping_status":"open","sticky":false,"template":"","format":"standard","meta":[],"categories":[1],"tags":[],"acf":[],"_links":{"self":[{"href":"https:\/\/isfd19-bue.infd.edu.ar\/sitio\/wp-json\/wp\/v2\/posts\/4085"}],"collection":[{"href":"https:\/\/isfd19-bue.infd.edu.ar\/sitio\/wp-json\/wp\/v2\/posts"}],"about":[{"href":"https:\/\/isfd19-bue.infd.edu.ar\/sitio\/wp-json\/wp\/v2\/types\/post"}],"author":[{"embeddable":true,"href":"https:\/\/isfd19-bue.infd.edu.ar\/sitio\/wp-json\/wp\/v2\/users\/420"}],"replies":[{"embeddable":true,"href":"https:\/\/isfd19-bue.infd.edu.ar\/sitio\/wp-json\/wp\/v2\/comments?post=4085"}],"version-history":[{"count":1,"href":"https:\/\/isfd19-bue.infd.edu.ar\/sitio\/wp-json\/wp\/v2\/posts\/4085\/revisions"}],"predecessor-version":[{"id":4086,"href":"https:\/\/isfd19-bue.infd.edu.ar\/sitio\/wp-json\/wp\/v2\/posts\/4085\/revisions\/4086"}],"wp:attachment":[{"href":"https:\/\/isfd19-bue.infd.edu.ar\/sitio\/wp-json\/wp\/v2\/media?parent=4085"}],"wp:term":[{"taxonomy":"category","embeddable":true,"href":"https:\/\/isfd19-bue.infd.edu.ar\/sitio\/wp-json\/wp\/v2\/categories?post=4085"},{"taxonomy":"post_tag","embeddable":true,"href":"https:\/\/isfd19-bue.infd.edu.ar\/sitio\/wp-json\/wp\/v2\/tags?post=4085"}],"curies":[{"name":"wp","href":"https:\/\/api.w.org\/{rel}","templated":true}]}}