{"id":4083,"date":"2021-06-23T09:02:15","date_gmt":"2021-06-23T12:02:15","guid":{"rendered":"https:\/\/isfd19-bue.infd.edu.ar\/sitio\/?p=4083"},"modified":"2021-06-23T09:02:15","modified_gmt":"2021-06-23T12:02:15","slug":"resultado-eleccion-del-edi-del-profesorado-de-lengua-y-literatura","status":"publish","type":"post","link":"https:\/\/isfd19-bue.infd.edu.ar\/sitio\/resultado-eleccion-del-edi-del-profesorado-de-lengua-y-literatura\/","title":{"rendered":"Resultado elecci\u00f3n del EDI del profesorado de Lengua y Literatura"},"content":{"rendered":"<p>Informamos los resultados de la elecci\u00f3n del EDI para el profesorado de Lengua y Literatura, la misma se desarroll\u00f3 durante toda la semana pasada. El total de votantes fue de cincuenta y cinco.<\/p>\n<p>L\u00edneas propuestas en el Dise\u00f1o Curricular:<\/p>\n<p>Literatura y Periodismo: 25 votos<\/p>\n<p>Literatura y Pol\u00edtica: 13 votos<\/p>\n<p>Cr\u00edtica Textual: 9 votos<\/p>\n<p>Lengua y cultura grecolatina: 6 votos<\/p>\n<p>Literatura y Ciencia: 2 votos<\/p>\n","protected":false},"excerpt":{"rendered":"<p>Informamos los resultados de la elecci\u00f3n del EDI para el profesorado de Lengua y Literatura, la misma se desarroll\u00f3 durante toda la semana pasada. El total de votantes fue de cincuenta y cinco. L\u00edneas propuestas en el Dise\u00f1o Curricular: Literatura y Periodismo: 25 votos Literatura y Pol\u00edtica: 13 votos Cr\u00edtica Textual: 9 votos Lengua y &#8230; <a title=\"Resultado elecci\u00f3n del EDI del profesorado de Lengua y Literatura\" class=\"read-more\" href=\"https:\/\/isfd19-bue.infd.edu.ar\/sitio\/resultado-eleccion-del-edi-del-profesorado-de-lengua-y-literatura\/\" aria-label=\"More on Resultado elecci\u00f3n del EDI del profesorado de Lengua y Literatura\">[+]<\/a><\/p>\n","protected":false},"author":420,"featured_media":0,"comment_status":"open","ping_status":"open","sticky":false,"template":"","format":"standard","meta":[],"categories":[1],"tags":[],"acf":[],"_links":{"self":[{"href":"https:\/\/isfd19-bue.infd.edu.ar\/sitio\/wp-json\/wp\/v2\/posts\/4083"}],"collection":[{"href":"https:\/\/isfd19-bue.infd.edu.ar\/sitio\/wp-json\/wp\/v2\/posts"}],"about":[{"href":"https:\/\/isfd19-bue.infd.edu.ar\/sitio\/wp-json\/wp\/v2\/types\/post"}],"author":[{"embeddable":true,"href":"https:\/\/isfd19-bue.infd.edu.ar\/sitio\/wp-json\/wp\/v2\/users\/420"}],"replies":[{"embeddable":true,"href":"https:\/\/isfd19-bue.infd.edu.ar\/sitio\/wp-json\/wp\/v2\/comments?post=4083"}],"version-history":[{"count":1,"href":"https:\/\/isfd19-bue.infd.edu.ar\/sitio\/wp-json\/wp\/v2\/posts\/4083\/revisions"}],"predecessor-version":[{"id":4084,"href":"https:\/\/isfd19-bue.infd.edu.ar\/sitio\/wp-json\/wp\/v2\/posts\/4083\/revisions\/4084"}],"wp:attachment":[{"href":"https:\/\/isfd19-bue.infd.edu.ar\/sitio\/wp-json\/wp\/v2\/media?parent=4083"}],"wp:term":[{"taxonomy":"category","embeddable":true,"href":"https:\/\/isfd19-bue.infd.edu.ar\/sitio\/wp-json\/wp\/v2\/categories?post=4083"},{"taxonomy":"post_tag","embeddable":true,"href":"https:\/\/isfd19-bue.infd.edu.ar\/sitio\/wp-json\/wp\/v2\/tags?post=4083"}],"curies":[{"name":"wp","href":"https:\/\/api.w.org\/{rel}","templated":true}]}}