{"id":4076,"date":"2021-06-20T12:06:01","date_gmt":"2021-06-20T15:06:01","guid":{"rendered":"https:\/\/isfd19-bue.infd.edu.ar\/sitio\/?p=4076"},"modified":"2021-06-20T12:10:02","modified_gmt":"2021-06-20T15:10:02","slug":"20-de-junio-dia-de-la-bandera-nacional","status":"publish","type":"post","link":"https:\/\/isfd19-bue.infd.edu.ar\/sitio\/20-de-junio-dia-de-la-bandera-nacional\/","title":{"rendered":"20 de Junio d\u00eda de la bandera nacional"},"content":{"rendered":"<p>En este d\u00eda se honra al creador de la Bandera Nacional, Manuel Belgrano, quien el 20 de junio de 1820, en Buenos Aires, pas\u00f3 a la inmortalidad. La bandera fue creada el 27 de febrero de 1812, durante la gesta por la Independencia de las Provincias Unidas del R\u00edo de la Plata.<\/p>\n<p>Belgrano fue uno de los m\u00e1s notables economistas argentinos, precursor del periodismo nacional, impulsor de la Educaci\u00f3n Popular, pensador de la inclusi\u00f3n de hombres y mujeres en el trabajo, la Industria Nacional y la Justicia Social, entre otras cosas. Fue un revolucionario para su \u00e9poca.<\/p>\n<p>Dejamos un maravilloso video con la canci\u00f3n de V\u00edctor Heredia \u00abSube, sube, bandera del amor\u00bb interpretada por cantantes contempor\u00e1neos argentinos. Feliz d\u00eda de la bandera para todxs!<\/p>\n<p><iframe loading=\"lazy\" width=\"1200\" height=\"675\" src=\"https:\/\/www.youtube.com\/embed\/HSEPR0KqDDA?feature=oembed\" frameborder=\"0\" allow=\"accelerometer; autoplay; clipboard-write; encrypted-media; gyroscope; picture-in-picture\" allowfullscreen><\/iframe><\/p>\n","protected":false},"excerpt":{"rendered":"<p>En este d\u00eda se honra al creador de la Bandera Nacional, Manuel Belgrano, quien el 20 de junio de 1820, en Buenos Aires, pas\u00f3 a la inmortalidad. La bandera fue creada el 27 de febrero de 1812, durante la gesta por la Independencia de las Provincias Unidas del R\u00edo de la Plata. Belgrano fue uno &#8230; <a title=\"20 de Junio d\u00eda de la bandera nacional\" class=\"read-more\" href=\"https:\/\/isfd19-bue.infd.edu.ar\/sitio\/20-de-junio-dia-de-la-bandera-nacional\/\" aria-label=\"More on 20 de Junio d\u00eda de la bandera nacional\">[+]<\/a><\/p>\n","protected":false},"author":420,"featured_media":0,"comment_status":"open","ping_status":"open","sticky":false,"template":"","format":"standard","meta":[],"categories":[1],"tags":[],"acf":[],"_links":{"self":[{"href":"https:\/\/isfd19-bue.infd.edu.ar\/sitio\/wp-json\/wp\/v2\/posts\/4076"}],"collection":[{"href":"https:\/\/isfd19-bue.infd.edu.ar\/sitio\/wp-json\/wp\/v2\/posts"}],"about":[{"href":"https:\/\/isfd19-bue.infd.edu.ar\/sitio\/wp-json\/wp\/v2\/types\/post"}],"author":[{"embeddable":true,"href":"https:\/\/isfd19-bue.infd.edu.ar\/sitio\/wp-json\/wp\/v2\/users\/420"}],"replies":[{"embeddable":true,"href":"https:\/\/isfd19-bue.infd.edu.ar\/sitio\/wp-json\/wp\/v2\/comments?post=4076"}],"version-history":[{"count":4,"href":"https:\/\/isfd19-bue.infd.edu.ar\/sitio\/wp-json\/wp\/v2\/posts\/4076\/revisions"}],"predecessor-version":[{"id":4080,"href":"https:\/\/isfd19-bue.infd.edu.ar\/sitio\/wp-json\/wp\/v2\/posts\/4076\/revisions\/4080"}],"wp:attachment":[{"href":"https:\/\/isfd19-bue.infd.edu.ar\/sitio\/wp-json\/wp\/v2\/media?parent=4076"}],"wp:term":[{"taxonomy":"category","embeddable":true,"href":"https:\/\/isfd19-bue.infd.edu.ar\/sitio\/wp-json\/wp\/v2\/categories?post=4076"},{"taxonomy":"post_tag","embeddable":true,"href":"https:\/\/isfd19-bue.infd.edu.ar\/sitio\/wp-json\/wp\/v2\/tags?post=4076"}],"curies":[{"name":"wp","href":"https:\/\/api.w.org\/{rel}","templated":true}]}}