{"id":4068,"date":"2021-06-14T11:08:03","date_gmt":"2021-06-14T14:08:03","guid":{"rendered":"https:\/\/isfd19-bue.infd.edu.ar\/sitio\/?p=4068"},"modified":"2021-06-14T11:08:03","modified_gmt":"2021-06-14T14:08:03","slug":"propuesta-de-taller-esi-y-escuela-secundaria-profesorado-de-geografia","status":"publish","type":"post","link":"https:\/\/isfd19-bue.infd.edu.ar\/sitio\/propuesta-de-taller-esi-y-escuela-secundaria-profesorado-de-geografia\/","title":{"rendered":"PROPUESTA DE TALLER \u00abESI y Escuela Secundaria\u00bb Profesorado de Geograf\u00eda"},"content":{"rendered":"<h4>En el marco del Espacio de la Pr\u00e1ctica III a cargo del Prof. Juan Panutti, y en coordinaci\u00f3n con el Profesorado en Matem\u00e1tica, se invita a estudiantes y profesores de 2do, 3ro y 4to a\u00f1o de ambas carreras al que se inicia ma\u00f1ana \u00bb \u00bfPor qu\u00e9 la ESI ? Su urgencia y Significatividad en la Pr\u00e1ctica Docente\u00bb a cargo del Equipo Institucional de ESI.<\/h4>\n<h4>Les dejamos el link de acceso al zoom institucional<\/h4>\n<h4><a href=\"https:\/\/us02web.zoom.us\/j\/84464868271?pwd=b3F5ZzhCL1V5dVZKK3JBb0hxYU12dz09\">https:\/\/us02web.zoom.us\/j\/84464868271?pwd=b3F5ZzhCL1V5dVZKK3JBb0hxYU12dz09<\/a><\/h4>\n<h4>Lxs Esperamos a todxs, dada la importancia y relevancia del tema para el acompa\u00f1amiento de las trayectorias de los docentes en formaci\u00f3n.<\/h4>\n","protected":false},"excerpt":{"rendered":"<p>En el marco del Espacio de la Pr\u00e1ctica III a cargo del Prof. Juan Panutti, y en coordinaci\u00f3n con el Profesorado en Matem\u00e1tica, se invita a estudiantes y profesores de 2do, 3ro y 4to a\u00f1o de ambas carreras al que se inicia ma\u00f1ana \u00bb \u00bfPor qu\u00e9 la ESI ? Su urgencia y Significatividad en la &#8230; <a title=\"PROPUESTA DE TALLER \u00abESI y Escuela Secundaria\u00bb Profesorado de Geograf\u00eda\" class=\"read-more\" href=\"https:\/\/isfd19-bue.infd.edu.ar\/sitio\/propuesta-de-taller-esi-y-escuela-secundaria-profesorado-de-geografia\/\" aria-label=\"More on PROPUESTA DE TALLER \u00abESI y Escuela Secundaria\u00bb Profesorado de Geograf\u00eda\">[+]<\/a><\/p>\n","protected":false},"author":623,"featured_media":4069,"comment_status":"open","ping_status":"open","sticky":false,"template":"","format":"standard","meta":[],"categories":[1],"tags":[],"acf":[],"_links":{"self":[{"href":"https:\/\/isfd19-bue.infd.edu.ar\/sitio\/wp-json\/wp\/v2\/posts\/4068"}],"collection":[{"href":"https:\/\/isfd19-bue.infd.edu.ar\/sitio\/wp-json\/wp\/v2\/posts"}],"about":[{"href":"https:\/\/isfd19-bue.infd.edu.ar\/sitio\/wp-json\/wp\/v2\/types\/post"}],"author":[{"embeddable":true,"href":"https:\/\/isfd19-bue.infd.edu.ar\/sitio\/wp-json\/wp\/v2\/users\/623"}],"replies":[{"embeddable":true,"href":"https:\/\/isfd19-bue.infd.edu.ar\/sitio\/wp-json\/wp\/v2\/comments?post=4068"}],"version-history":[{"count":2,"href":"https:\/\/isfd19-bue.infd.edu.ar\/sitio\/wp-json\/wp\/v2\/posts\/4068\/revisions"}],"predecessor-version":[{"id":4071,"href":"https:\/\/isfd19-bue.infd.edu.ar\/sitio\/wp-json\/wp\/v2\/posts\/4068\/revisions\/4071"}],"wp:featuredmedia":[{"embeddable":true,"href":"https:\/\/isfd19-bue.infd.edu.ar\/sitio\/wp-json\/wp\/v2\/media\/4069"}],"wp:attachment":[{"href":"https:\/\/isfd19-bue.infd.edu.ar\/sitio\/wp-json\/wp\/v2\/media?parent=4068"}],"wp:term":[{"taxonomy":"category","embeddable":true,"href":"https:\/\/isfd19-bue.infd.edu.ar\/sitio\/wp-json\/wp\/v2\/categories?post=4068"},{"taxonomy":"post_tag","embeddable":true,"href":"https:\/\/isfd19-bue.infd.edu.ar\/sitio\/wp-json\/wp\/v2\/tags?post=4068"}],"curies":[{"name":"wp","href":"https:\/\/api.w.org\/{rel}","templated":true}]}}