{"id":4063,"date":"2021-06-14T09:22:52","date_gmt":"2021-06-14T12:22:52","guid":{"rendered":"https:\/\/isfd19-bue.infd.edu.ar\/sitio\/?p=4063"},"modified":"2021-06-14T10:07:32","modified_gmt":"2021-06-14T13:07:32","slug":"ciclo-de-formacion-permanente-preguntas-pedagogicas-mariana-maggio-en-el-19","status":"publish","type":"post","link":"https:\/\/isfd19-bue.infd.edu.ar\/sitio\/ciclo-de-formacion-permanente-preguntas-pedagogicas-mariana-maggio-en-el-19\/","title":{"rendered":"Ciclo de formaci\u00f3n permanente Preguntas Pedag\u00f3gicas: Mariana Maggio en el 19"},"content":{"rendered":"<p>En el marco del ciclo de formaci\u00f3n permanente Preguntas Pedag\u00f3gicas, el jueves 17 de junio a las 18.30 tendremos un encuentro con la doctora en educaci\u00f3n Mariana Maggio, presentando su libro \u00abEducaci\u00f3n en pandemia\u00bb.<\/p>\n<p>Para la comunidad del Instituto la inscripci\u00f3n ser\u00e1 por formulario, el cual les otorgar\u00e1 tambi\u00e9n el enlace de zoom. Para externxs, a traves del canal de Youtoube del Instituto.<\/p>\n<p>Se entregar\u00e1n certificados del encuentro.<\/p>\n<p>Lxs esperamos!<\/p>\n<p>https:\/\/forms.gle\/WtVHQNChHgNFxX5B8<\/p>\n<p><img decoding=\"async\" loading=\"lazy\" class=\"alignnone size-medium wp-image-4064\" src=\"https:\/\/isfd19-bue.infd.edu.ar\/sitio\/wp-content\/uploads\/2021\/06\/Maggio-658x1000.jpeg\" alt=\"\" width=\"658\" height=\"1000\" srcset=\"https:\/\/isfd19-bue.infd.edu.ar\/sitio\/wp-content\/uploads\/2021\/06\/Maggio-658x1000.jpeg 658w, https:\/\/isfd19-bue.infd.edu.ar\/sitio\/wp-content\/uploads\/2021\/06\/Maggio-768x1168.jpeg 768w, https:\/\/isfd19-bue.infd.edu.ar\/sitio\/wp-content\/uploads\/2021\/06\/Maggio.jpeg 842w\" sizes=\"(max-width: 658px) 100vw, 658px\" \/><\/p>\n","protected":false},"excerpt":{"rendered":"<p>En el marco del ciclo de formaci\u00f3n permanente Preguntas Pedag\u00f3gicas, el jueves 17 de junio a las 18.30 tendremos un encuentro con la doctora en educaci\u00f3n Mariana Maggio, presentando su libro \u00abEducaci\u00f3n en pandemia\u00bb. Para la comunidad del Instituto la inscripci\u00f3n ser\u00e1 por formulario, el cual les otorgar\u00e1 tambi\u00e9n el enlace de zoom. Para externxs, &#8230; <a title=\"Ciclo de formaci\u00f3n permanente Preguntas Pedag\u00f3gicas: Mariana Maggio en el 19\" class=\"read-more\" href=\"https:\/\/isfd19-bue.infd.edu.ar\/sitio\/ciclo-de-formacion-permanente-preguntas-pedagogicas-mariana-maggio-en-el-19\/\" aria-label=\"More on Ciclo de formaci\u00f3n permanente Preguntas Pedag\u00f3gicas: Mariana Maggio en el 19\">[+]<\/a><\/p>\n","protected":false},"author":420,"featured_media":0,"comment_status":"open","ping_status":"open","sticky":false,"template":"","format":"standard","meta":[],"categories":[1],"tags":[],"acf":[],"_links":{"self":[{"href":"https:\/\/isfd19-bue.infd.edu.ar\/sitio\/wp-json\/wp\/v2\/posts\/4063"}],"collection":[{"href":"https:\/\/isfd19-bue.infd.edu.ar\/sitio\/wp-json\/wp\/v2\/posts"}],"about":[{"href":"https:\/\/isfd19-bue.infd.edu.ar\/sitio\/wp-json\/wp\/v2\/types\/post"}],"author":[{"embeddable":true,"href":"https:\/\/isfd19-bue.infd.edu.ar\/sitio\/wp-json\/wp\/v2\/users\/420"}],"replies":[{"embeddable":true,"href":"https:\/\/isfd19-bue.infd.edu.ar\/sitio\/wp-json\/wp\/v2\/comments?post=4063"}],"version-history":[{"count":2,"href":"https:\/\/isfd19-bue.infd.edu.ar\/sitio\/wp-json\/wp\/v2\/posts\/4063\/revisions"}],"predecessor-version":[{"id":4066,"href":"https:\/\/isfd19-bue.infd.edu.ar\/sitio\/wp-json\/wp\/v2\/posts\/4063\/revisions\/4066"}],"wp:attachment":[{"href":"https:\/\/isfd19-bue.infd.edu.ar\/sitio\/wp-json\/wp\/v2\/media?parent=4063"}],"wp:term":[{"taxonomy":"category","embeddable":true,"href":"https:\/\/isfd19-bue.infd.edu.ar\/sitio\/wp-json\/wp\/v2\/categories?post=4063"},{"taxonomy":"post_tag","embeddable":true,"href":"https:\/\/isfd19-bue.infd.edu.ar\/sitio\/wp-json\/wp\/v2\/tags?post=4063"}],"curies":[{"name":"wp","href":"https:\/\/api.w.org\/{rel}","templated":true}]}}