{"id":3940,"date":"2021-04-02T08:57:47","date_gmt":"2021-04-02T11:57:47","guid":{"rendered":"https:\/\/isfd19-bue.infd.edu.ar\/sitio\/?p=3940"},"modified":"2021-04-02T08:57:47","modified_gmt":"2021-04-02T11:57:47","slug":"dia-del-veterano-y-de-los-caidos-en-malvinas","status":"publish","type":"post","link":"https:\/\/isfd19-bue.infd.edu.ar\/sitio\/dia-del-veterano-y-de-los-caidos-en-malvinas\/","title":{"rendered":"D\u00eda del veterano y de los ca\u00eddos en Malvinas"},"content":{"rendered":"<p>Hoy,\u00a0 2 de abril,\u00a0 es el d\u00eda en que lxs argentinxs rendimos homenaje a lxs compatriotas que combatieron valerosamente por la recuperaci\u00f3n del ejercicio de nuestra soberan\u00eda en las Islas Malvinas e islas del Atl\u00e1ntico Sur. Recordamos a quienes cayeron en combate, pero tambi\u00e9n a quienes retornaron al continente y llevan en sus cuerpos\u00a0 el orgullo y las huellas de haber participado en la gesta.\u00a0 Tambi\u00e9n reconocemos y acompa\u00f1amos especialmente en este d\u00eda a lxs familiares de los combatientes.<\/p>\n<p>La comunidad del Instituto acompa\u00f1a a lxs ex combatientes y veteranos con enorme respeto y memoria en este d\u00eda.<\/p>\n","protected":false},"excerpt":{"rendered":"<p>Hoy,\u00a0 2 de abril,\u00a0 es el d\u00eda en que lxs argentinxs rendimos homenaje a lxs compatriotas que combatieron valerosamente por la recuperaci\u00f3n del ejercicio de nuestra soberan\u00eda en las Islas Malvinas e islas del Atl\u00e1ntico Sur. Recordamos a quienes cayeron en combate, pero tambi\u00e9n a quienes retornaron al continente y llevan en sus cuerpos\u00a0 el &#8230; <a title=\"D\u00eda del veterano y de los ca\u00eddos en Malvinas\" class=\"read-more\" href=\"https:\/\/isfd19-bue.infd.edu.ar\/sitio\/dia-del-veterano-y-de-los-caidos-en-malvinas\/\" aria-label=\"More on D\u00eda del veterano y de los ca\u00eddos en Malvinas\">[+]<\/a><\/p>\n","protected":false},"author":420,"featured_media":0,"comment_status":"open","ping_status":"open","sticky":false,"template":"","format":"standard","meta":[],"categories":[1],"tags":[],"acf":[],"_links":{"self":[{"href":"https:\/\/isfd19-bue.infd.edu.ar\/sitio\/wp-json\/wp\/v2\/posts\/3940"}],"collection":[{"href":"https:\/\/isfd19-bue.infd.edu.ar\/sitio\/wp-json\/wp\/v2\/posts"}],"about":[{"href":"https:\/\/isfd19-bue.infd.edu.ar\/sitio\/wp-json\/wp\/v2\/types\/post"}],"author":[{"embeddable":true,"href":"https:\/\/isfd19-bue.infd.edu.ar\/sitio\/wp-json\/wp\/v2\/users\/420"}],"replies":[{"embeddable":true,"href":"https:\/\/isfd19-bue.infd.edu.ar\/sitio\/wp-json\/wp\/v2\/comments?post=3940"}],"version-history":[{"count":1,"href":"https:\/\/isfd19-bue.infd.edu.ar\/sitio\/wp-json\/wp\/v2\/posts\/3940\/revisions"}],"predecessor-version":[{"id":3941,"href":"https:\/\/isfd19-bue.infd.edu.ar\/sitio\/wp-json\/wp\/v2\/posts\/3940\/revisions\/3941"}],"wp:attachment":[{"href":"https:\/\/isfd19-bue.infd.edu.ar\/sitio\/wp-json\/wp\/v2\/media?parent=3940"}],"wp:term":[{"taxonomy":"category","embeddable":true,"href":"https:\/\/isfd19-bue.infd.edu.ar\/sitio\/wp-json\/wp\/v2\/categories?post=3940"},{"taxonomy":"post_tag","embeddable":true,"href":"https:\/\/isfd19-bue.infd.edu.ar\/sitio\/wp-json\/wp\/v2\/tags?post=3940"}],"curies":[{"name":"wp","href":"https:\/\/api.w.org\/{rel}","templated":true}]}}