{"id":3660,"date":"2020-11-02T12:53:53","date_gmt":"2020-11-02T15:53:53","guid":{"rendered":"https:\/\/isfd19-bue.infd.edu.ar\/sitio\/?p=3660"},"modified":"2020-11-02T12:53:53","modified_gmt":"2020-11-02T15:53:53","slug":"jornada-de-trabajo-para-la-construccion-del-curriculum-prioritario-2020-2021","status":"publish","type":"post","link":"https:\/\/isfd19-bue.infd.edu.ar\/sitio\/jornada-de-trabajo-para-la-construccion-del-curriculum-prioritario-2020-2021\/","title":{"rendered":"Jornada de trabajo para la construcci\u00f3n del Curr\u00edculum prioritario 2020\/2021"},"content":{"rendered":"<p>Informamos que el d\u00eda viernes 6 de Noviembre a las 17 hs. realizaremos una jornada de trabajo con los profesorxs de todas las carreras del Instituto. El motivo es continuar la construcci\u00f3n del Curr\u00edculum prioritario institucional para la Unidad Pedag\u00f3gica 2020\/2021 seg\u00fan lo establecido por la Resoluci\u00f3n 11\/2020, los documentos orientativos de DGCyE \u00abCurr\u00edculum prioritario\u00bb y su anexo \u00abEvaluar en Pandemia\u00bb. La duraci\u00f3n de la jornada ser\u00e1 de dos horas aproximadamente, pudiendo dejar actividades en el aula para aquellxs que coinciden sus clases con este horario.<br \/>\nLes enviaremos el enlace de la reuni\u00f3n el mismo d\u00eda.<br \/>\nMuchas gracias!<br \/>\nEquipo Directivo<\/p>\n","protected":false},"excerpt":{"rendered":"<p>Informamos que el d\u00eda viernes 6 de Noviembre a las 17 hs. realizaremos una jornada de trabajo con los profesorxs de todas las carreras del Instituto. El motivo es continuar la construcci\u00f3n del Curr\u00edculum prioritario institucional para la Unidad Pedag\u00f3gica 2020\/2021 seg\u00fan lo establecido por la Resoluci\u00f3n 11\/2020, los documentos orientativos de DGCyE \u00abCurr\u00edculum prioritario\u00bb &#8230; <a title=\"Jornada de trabajo para la construcci\u00f3n del Curr\u00edculum prioritario 2020\/2021\" class=\"read-more\" href=\"https:\/\/isfd19-bue.infd.edu.ar\/sitio\/jornada-de-trabajo-para-la-construccion-del-curriculum-prioritario-2020-2021\/\" aria-label=\"More on Jornada de trabajo para la construcci\u00f3n del Curr\u00edculum prioritario 2020\/2021\">[+]<\/a><\/p>\n","protected":false},"author":420,"featured_media":0,"comment_status":"open","ping_status":"open","sticky":false,"template":"","format":"standard","meta":[],"categories":[1],"tags":[],"acf":[],"_links":{"self":[{"href":"https:\/\/isfd19-bue.infd.edu.ar\/sitio\/wp-json\/wp\/v2\/posts\/3660"}],"collection":[{"href":"https:\/\/isfd19-bue.infd.edu.ar\/sitio\/wp-json\/wp\/v2\/posts"}],"about":[{"href":"https:\/\/isfd19-bue.infd.edu.ar\/sitio\/wp-json\/wp\/v2\/types\/post"}],"author":[{"embeddable":true,"href":"https:\/\/isfd19-bue.infd.edu.ar\/sitio\/wp-json\/wp\/v2\/users\/420"}],"replies":[{"embeddable":true,"href":"https:\/\/isfd19-bue.infd.edu.ar\/sitio\/wp-json\/wp\/v2\/comments?post=3660"}],"version-history":[{"count":1,"href":"https:\/\/isfd19-bue.infd.edu.ar\/sitio\/wp-json\/wp\/v2\/posts\/3660\/revisions"}],"predecessor-version":[{"id":3661,"href":"https:\/\/isfd19-bue.infd.edu.ar\/sitio\/wp-json\/wp\/v2\/posts\/3660\/revisions\/3661"}],"wp:attachment":[{"href":"https:\/\/isfd19-bue.infd.edu.ar\/sitio\/wp-json\/wp\/v2\/media?parent=3660"}],"wp:term":[{"taxonomy":"category","embeddable":true,"href":"https:\/\/isfd19-bue.infd.edu.ar\/sitio\/wp-json\/wp\/v2\/categories?post=3660"},{"taxonomy":"post_tag","embeddable":true,"href":"https:\/\/isfd19-bue.infd.edu.ar\/sitio\/wp-json\/wp\/v2\/tags?post=3660"}],"curies":[{"name":"wp","href":"https:\/\/api.w.org\/{rel}","templated":true}]}}