{"id":3649,"date":"2020-10-27T16:12:56","date_gmt":"2020-10-27T19:12:56","guid":{"rendered":"https:\/\/isfd19-bue.infd.edu.ar\/sitio\/?p=3649"},"modified":"2020-10-27T16:12:56","modified_gmt":"2020-10-27T19:12:56","slug":"invitacion-a-docentes-para-integrar-equipo-de-acompanamiento-al-programa-atr","status":"publish","type":"post","link":"https:\/\/isfd19-bue.infd.edu.ar\/sitio\/invitacion-a-docentes-para-integrar-equipo-de-acompanamiento-al-programa-atr\/","title":{"rendered":"Invitaci\u00f3n a docentes para integrar equipo de acompa\u00f1amiento al programa ATR"},"content":{"rendered":"<p>Profesores y profesoras, lxs invitamos a qui\u00e9nes deseen participar en el acompa\u00f1amiento a lxs estudiantes del Instituto que se inscribieron en el programa de revinculaci\u00f3n de las trayectorias escolares ATR.<br \/>\nLes dejamos los correos de las tres referentas del Instituto, directamente se comunican con ellas.<\/p>\n<p>Virginia Perrone: virginiaperronemdp@gmail.com<br \/>\nAndrea Fraschetti: afrasche0gmail.com<\/p>\n<p>Muchas gracias como siempre!<\/p>\n","protected":false},"excerpt":{"rendered":"<p>Profesores y profesoras, lxs invitamos a qui\u00e9nes deseen participar en el acompa\u00f1amiento a lxs estudiantes del Instituto que se inscribieron en el programa de revinculaci\u00f3n de las trayectorias escolares ATR. Les dejamos los correos de las tres referentas del Instituto, directamente se comunican con ellas. Virginia Perrone: virginiaperronemdp@gmail.com Andrea Fraschetti: afrasche0gmail.com Muchas gracias como siempre!<\/p>\n","protected":false},"author":420,"featured_media":0,"comment_status":"open","ping_status":"open","sticky":false,"template":"","format":"standard","meta":[],"categories":[1],"tags":[],"acf":[],"_links":{"self":[{"href":"https:\/\/isfd19-bue.infd.edu.ar\/sitio\/wp-json\/wp\/v2\/posts\/3649"}],"collection":[{"href":"https:\/\/isfd19-bue.infd.edu.ar\/sitio\/wp-json\/wp\/v2\/posts"}],"about":[{"href":"https:\/\/isfd19-bue.infd.edu.ar\/sitio\/wp-json\/wp\/v2\/types\/post"}],"author":[{"embeddable":true,"href":"https:\/\/isfd19-bue.infd.edu.ar\/sitio\/wp-json\/wp\/v2\/users\/420"}],"replies":[{"embeddable":true,"href":"https:\/\/isfd19-bue.infd.edu.ar\/sitio\/wp-json\/wp\/v2\/comments?post=3649"}],"version-history":[{"count":1,"href":"https:\/\/isfd19-bue.infd.edu.ar\/sitio\/wp-json\/wp\/v2\/posts\/3649\/revisions"}],"predecessor-version":[{"id":3650,"href":"https:\/\/isfd19-bue.infd.edu.ar\/sitio\/wp-json\/wp\/v2\/posts\/3649\/revisions\/3650"}],"wp:attachment":[{"href":"https:\/\/isfd19-bue.infd.edu.ar\/sitio\/wp-json\/wp\/v2\/media?parent=3649"}],"wp:term":[{"taxonomy":"category","embeddable":true,"href":"https:\/\/isfd19-bue.infd.edu.ar\/sitio\/wp-json\/wp\/v2\/categories?post=3649"},{"taxonomy":"post_tag","embeddable":true,"href":"https:\/\/isfd19-bue.infd.edu.ar\/sitio\/wp-json\/wp\/v2\/tags?post=3649"}],"curies":[{"name":"wp","href":"https:\/\/api.w.org\/{rel}","templated":true}]}}