{"id":3645,"date":"2020-10-27T13:46:35","date_gmt":"2020-10-27T16:46:35","guid":{"rendered":"https:\/\/isfd19-bue.infd.edu.ar\/sitio\/?p=3645"},"modified":"2020-10-27T13:47:40","modified_gmt":"2020-10-27T16:47:40","slug":"noticia-importante-para-estudiantes-inscriptos-en-el-programa-atr","status":"publish","type":"post","link":"https:\/\/isfd19-bue.infd.edu.ar\/sitio\/noticia-importante-para-estudiantes-inscriptos-en-el-programa-atr\/","title":{"rendered":"Noticia importante para estudiantes inscriptos en el programa ATR"},"content":{"rendered":"<p>Informamos a lxs estudiantes que se inscribieron a traves de la plataforma ABC en el programa ATR, que hemos conformado un equipo de referentas del Instituto  qui\u00e9nes son las encargadas de acompa\u00f1arlxs en el recorrido del programa. Estamos comenzando las acciones, aunque sabemos que muchxs han sido conectadxs por las directoras y directores de las escuelas primarias o secundarias en las que van a realizar las revinculaciones pedag\u00f3gicas.<br \/>\nLes contamos las acciones institucionales para empezar a conectarnos:<br \/>\nReferentas: Virginia Perrone, Andrea Fraschetti y Claudia Flores.<br \/>\nAula virtual: a trav\u00e9s del link que dejamos ac\u00e1 podr\u00e1n ingresar en esta plataforma al aula \u00abATR\u00bb, y las profesoras responsables chequear\u00e1n que est\u00e9n inscriptos cotejando con el listado validado por secretar\u00eda del Instituto de acuerdo a la plataforma \u00abMis Alumnos\u00bb.<\/p>\n<p> https:\/\/isfd19-bue.infd.edu.ar\/aula\/catalogo.cgi?wAccion=oferta_view&#038;oferta_id=331<\/p>\n<p>Cuando ingresen al aula encontrar\u00e1n un formulario de Google con tres preguntas, para poder organizar el trabajo siguiente.<br \/>\nEl d\u00eda lunes a las 17 hs. tendremos una reuni\u00f3n con Inspector Distrital y su equipo, conjuntamente con el equipo de nuestro instituto, y todxs lxs inscriptos. Les comunicaremos ese mismo d\u00eda el enlace para dicho encuentro.<br \/>\nMuchas gracias, seguiremos comunicando las informaciones que nos lleguen.<\/p>\n","protected":false},"excerpt":{"rendered":"<p>Informamos a lxs estudiantes que se inscribieron a traves de la plataforma ABC en el programa ATR, que hemos conformado un equipo de referentas del Instituto qui\u00e9nes son las encargadas de acompa\u00f1arlxs en el recorrido del programa. Estamos comenzando las acciones, aunque sabemos que muchxs han sido conectadxs por las directoras y directores de las &#8230; <a title=\"Noticia importante para estudiantes inscriptos en el programa ATR\" class=\"read-more\" href=\"https:\/\/isfd19-bue.infd.edu.ar\/sitio\/noticia-importante-para-estudiantes-inscriptos-en-el-programa-atr\/\" aria-label=\"More on Noticia importante para estudiantes inscriptos en el programa ATR\">[+]<\/a><\/p>\n","protected":false},"author":420,"featured_media":0,"comment_status":"open","ping_status":"open","sticky":false,"template":"","format":"standard","meta":[],"categories":[1],"tags":[],"acf":[],"_links":{"self":[{"href":"https:\/\/isfd19-bue.infd.edu.ar\/sitio\/wp-json\/wp\/v2\/posts\/3645"}],"collection":[{"href":"https:\/\/isfd19-bue.infd.edu.ar\/sitio\/wp-json\/wp\/v2\/posts"}],"about":[{"href":"https:\/\/isfd19-bue.infd.edu.ar\/sitio\/wp-json\/wp\/v2\/types\/post"}],"author":[{"embeddable":true,"href":"https:\/\/isfd19-bue.infd.edu.ar\/sitio\/wp-json\/wp\/v2\/users\/420"}],"replies":[{"embeddable":true,"href":"https:\/\/isfd19-bue.infd.edu.ar\/sitio\/wp-json\/wp\/v2\/comments?post=3645"}],"version-history":[{"count":2,"href":"https:\/\/isfd19-bue.infd.edu.ar\/sitio\/wp-json\/wp\/v2\/posts\/3645\/revisions"}],"predecessor-version":[{"id":3647,"href":"https:\/\/isfd19-bue.infd.edu.ar\/sitio\/wp-json\/wp\/v2\/posts\/3645\/revisions\/3647"}],"wp:attachment":[{"href":"https:\/\/isfd19-bue.infd.edu.ar\/sitio\/wp-json\/wp\/v2\/media?parent=3645"}],"wp:term":[{"taxonomy":"category","embeddable":true,"href":"https:\/\/isfd19-bue.infd.edu.ar\/sitio\/wp-json\/wp\/v2\/categories?post=3645"},{"taxonomy":"post_tag","embeddable":true,"href":"https:\/\/isfd19-bue.infd.edu.ar\/sitio\/wp-json\/wp\/v2\/tags?post=3645"}],"curies":[{"name":"wp","href":"https:\/\/api.w.org\/{rel}","templated":true}]}}