{"id":3444,"date":"2020-06-05T21:06:36","date_gmt":"2020-06-06T00:06:36","guid":{"rendered":"https:\/\/isfd19-bue.infd.edu.ar\/sitio\/?p=3444"},"modified":"2020-06-05T21:06:36","modified_gmt":"2020-06-06T00:06:36","slug":"reunion-con-delegadxs-del-instituto","status":"publish","type":"post","link":"https:\/\/isfd19-bue.infd.edu.ar\/sitio\/reunion-con-delegadxs-del-instituto\/","title":{"rendered":"Reuni\u00f3n con Delegadxs del Instituto"},"content":{"rendered":"<p>Desde el Equipo Directivo mantenemos la clara intenci\u00f3n de trabajar articuladamente con todos los \u00f3rganos de la Instituci\u00f3n tendiendo a una clara democratizaci\u00f3n de la misma. El lunes realizaremos en conjunto una reuni\u00f3n con los delegadxs de todos los cursos del Instituto con el objetivo de conversar de la actual situaci\u00f3n y acordar algunas estrategias de acompa\u00f1amiento.<br \/>\nA continuaci\u00f3n transcribimos la convocatoria que realiza el Centro de Estudiantes del Instituto, a qui\u00e9nes acompa\u00f1amos y reconocemos su gran labor de sost\u00e9n del estudiantado en forma conjunta con todxs lxs actores institucionales. Esperamos contar con lxs delegadxs.<\/p>\n<p>\u00abEl d\u00eda lunes 8 de junio a las 18 hs. realizaremos una reuni\u00f3n institucional entre delegadxs, consejerxs acad\u00e9micxs del claustro estudiantil, miembros del CE19 y el Equipo Directivo..<br \/>\nEl principal objetivo es realizar de forma colectiva un diagn\u00f3stico de la realidad que atraviesa el Instituto en el contexto de pandemia. En este sentido se busca construir una mirada integral con una fuerte base en las experiencias particulares de cada carrera, cada curso y cada estudiante que sea capaz de potenciar todas las acciones que se vienen realizando para garantizar el ingreso, la permanencia y el acompa\u00f1amiento de las distintas trayectorias de cada unx de lxs estudiantes.<br \/>\nResulta fundamental que cada curso cuente con representaci\u00f3n en la reuni\u00f3n. Por eso les proponemos que los cursos que no cuenten con delegadx, puedan definir qui\u00e9n ser\u00e1 su delegadx o qui\u00e9n asistir\u00e1 a la reuni\u00f3n en representaci\u00f3n del curso, y lxs delegadxs que no puedan asistir a la reuni\u00f3n puedan garantizar la presencia de un subdelegadx u otro estudiante consensu\u00e1ndolo con su curso.<br \/>\nHicimos un relevamiento y estos son los cursos que no cuentan con delegadx:<br \/>\nESPECIAL: 2\u00b02a, 3\u00b01a y 4\u00b0 1a<br \/>\nGEOGRAF\u00cdA: 1\u00b0 1a<br \/>\nINICIAL:2\u00b01a,2\u00b02a,4\u00b01a, 4\u00b02a<br \/>\nPRIMARIA: 2\u00b02a, 2\u00b03a, 3\u00b01a, 3\u00b03a, 4\u00b01a<br \/>\nLes pedimos que nos escriban por privado para poder acceder al v\u00ednculo de la reuni\u00f3n, al resto de los cursos les enviaremos el link v\u00eda whatsapp.<br \/>\nPor una educaci\u00f3n con todxs adentro. La colectiva conducci\u00f3n del Centro de Estudiantes 19\u00bb<\/p>\n","protected":false},"excerpt":{"rendered":"<p>Desde el Equipo Directivo mantenemos la clara intenci\u00f3n de trabajar articuladamente con todos los \u00f3rganos de la Instituci\u00f3n tendiendo a una clara democratizaci\u00f3n de la misma. El lunes realizaremos en conjunto una reuni\u00f3n con los delegadxs de todos los cursos del Instituto con el objetivo de conversar de la actual situaci\u00f3n y acordar algunas estrategias &#8230; <a title=\"Reuni\u00f3n con Delegadxs del Instituto\" class=\"read-more\" href=\"https:\/\/isfd19-bue.infd.edu.ar\/sitio\/reunion-con-delegadxs-del-instituto\/\" aria-label=\"More on Reuni\u00f3n con Delegadxs del Instituto\">[+]<\/a><\/p>\n","protected":false},"author":420,"featured_media":0,"comment_status":"open","ping_status":"open","sticky":false,"template":"","format":"standard","meta":[],"categories":[1],"tags":[],"acf":[],"_links":{"self":[{"href":"https:\/\/isfd19-bue.infd.edu.ar\/sitio\/wp-json\/wp\/v2\/posts\/3444"}],"collection":[{"href":"https:\/\/isfd19-bue.infd.edu.ar\/sitio\/wp-json\/wp\/v2\/posts"}],"about":[{"href":"https:\/\/isfd19-bue.infd.edu.ar\/sitio\/wp-json\/wp\/v2\/types\/post"}],"author":[{"embeddable":true,"href":"https:\/\/isfd19-bue.infd.edu.ar\/sitio\/wp-json\/wp\/v2\/users\/420"}],"replies":[{"embeddable":true,"href":"https:\/\/isfd19-bue.infd.edu.ar\/sitio\/wp-json\/wp\/v2\/comments?post=3444"}],"version-history":[{"count":1,"href":"https:\/\/isfd19-bue.infd.edu.ar\/sitio\/wp-json\/wp\/v2\/posts\/3444\/revisions"}],"predecessor-version":[{"id":3445,"href":"https:\/\/isfd19-bue.infd.edu.ar\/sitio\/wp-json\/wp\/v2\/posts\/3444\/revisions\/3445"}],"wp:attachment":[{"href":"https:\/\/isfd19-bue.infd.edu.ar\/sitio\/wp-json\/wp\/v2\/media?parent=3444"}],"wp:term":[{"taxonomy":"category","embeddable":true,"href":"https:\/\/isfd19-bue.infd.edu.ar\/sitio\/wp-json\/wp\/v2\/categories?post=3444"},{"taxonomy":"post_tag","embeddable":true,"href":"https:\/\/isfd19-bue.infd.edu.ar\/sitio\/wp-json\/wp\/v2\/tags?post=3444"}],"curies":[{"name":"wp","href":"https:\/\/api.w.org\/{rel}","templated":true}]}}