{"id":3442,"date":"2020-06-03T19:18:08","date_gmt":"2020-06-03T22:18:08","guid":{"rendered":"https:\/\/isfd19-bue.infd.edu.ar\/sitio\/?p=3442"},"modified":"2020-06-03T19:18:08","modified_gmt":"2020-06-03T22:18:08","slug":"aniversario-ni-una-menos","status":"publish","type":"post","link":"https:\/\/isfd19-bue.infd.edu.ar\/sitio\/aniversario-ni-una-menos\/","title":{"rendered":"Aniversario Ni una menos"},"content":{"rendered":"<p>Hoy se cumplen cinco a\u00f1os de la primera marcha del colectivo #Ni una menos. Lxs invitamos a sumarse a la jornada de concientizaci\u00f3n colectiva. Las tasas de femicidios y violencia de g\u00e9nero muestran un problema social que nos aborda y atraviesa.<br \/>\nLa ley 26150 establece que todxs lxs educandxs tienen derecho a recibir Educaci\u00f3n Sexual Integral (ESI) en todos los establecimientos educativos p\u00fablicos o privados, en todos los niveles y modalidades.<br \/>\nDesde el Instituto nos sumamos a la reflexi\u00f3n colectiva y a la escucha atenta de qui\u00e9nes necesiten ser escuchadas y acompa\u00f1adas.<br \/>\nLes dejamos unas palabras de la escritora y periodista Marta Dillon, directora del suplemento \u00abLas 12\u00bb del diario P\u00e1gina\/12, del art\u00edculo \u00abNos sostienen las redes feministas\u00bb:<\/p>\n<p>\u00abPasaron cinco a\u00f1os de aquel 3J, de aquella primera ocupaci\u00f3n de la Plaza de los Dos Congresos. Primera visibilizaci\u00f3n masiva de tan diversa composici\u00f3n, llena de dolor y poder. El primer punto de la agenda del colectivo #Ni una menos fue la denuncia a los femicidios, a la violencia machista, a la violencia sexual. El acto fue una revalidaci\u00f3n colectiva de voces que siempre eran puestas en duda o culpabilizadas por donde estaban o c\u00f3mo vest\u00edan. Y aunque esos mecanismos sigan poniendo a funcionar su maquinaria de crueldad, la condena social que construimos sigue creciendo y es poderosa. A\u00fan en cuarentena.\u00bb<\/p>\n","protected":false},"excerpt":{"rendered":"<p>Hoy se cumplen cinco a\u00f1os de la primera marcha del colectivo #Ni una menos. Lxs invitamos a sumarse a la jornada de concientizaci\u00f3n colectiva. Las tasas de femicidios y violencia de g\u00e9nero muestran un problema social que nos aborda y atraviesa. La ley 26150 establece que todxs lxs educandxs tienen derecho a recibir Educaci\u00f3n Sexual &#8230; <a title=\"Aniversario Ni una menos\" class=\"read-more\" href=\"https:\/\/isfd19-bue.infd.edu.ar\/sitio\/aniversario-ni-una-menos\/\" aria-label=\"More on Aniversario Ni una menos\">[+]<\/a><\/p>\n","protected":false},"author":420,"featured_media":0,"comment_status":"open","ping_status":"open","sticky":false,"template":"","format":"standard","meta":[],"categories":[1],"tags":[],"acf":[],"_links":{"self":[{"href":"https:\/\/isfd19-bue.infd.edu.ar\/sitio\/wp-json\/wp\/v2\/posts\/3442"}],"collection":[{"href":"https:\/\/isfd19-bue.infd.edu.ar\/sitio\/wp-json\/wp\/v2\/posts"}],"about":[{"href":"https:\/\/isfd19-bue.infd.edu.ar\/sitio\/wp-json\/wp\/v2\/types\/post"}],"author":[{"embeddable":true,"href":"https:\/\/isfd19-bue.infd.edu.ar\/sitio\/wp-json\/wp\/v2\/users\/420"}],"replies":[{"embeddable":true,"href":"https:\/\/isfd19-bue.infd.edu.ar\/sitio\/wp-json\/wp\/v2\/comments?post=3442"}],"version-history":[{"count":1,"href":"https:\/\/isfd19-bue.infd.edu.ar\/sitio\/wp-json\/wp\/v2\/posts\/3442\/revisions"}],"predecessor-version":[{"id":3443,"href":"https:\/\/isfd19-bue.infd.edu.ar\/sitio\/wp-json\/wp\/v2\/posts\/3442\/revisions\/3443"}],"wp:attachment":[{"href":"https:\/\/isfd19-bue.infd.edu.ar\/sitio\/wp-json\/wp\/v2\/media?parent=3442"}],"wp:term":[{"taxonomy":"category","embeddable":true,"href":"https:\/\/isfd19-bue.infd.edu.ar\/sitio\/wp-json\/wp\/v2\/categories?post=3442"},{"taxonomy":"post_tag","embeddable":true,"href":"https:\/\/isfd19-bue.infd.edu.ar\/sitio\/wp-json\/wp\/v2\/tags?post=3442"}],"curies":[{"name":"wp","href":"https:\/\/api.w.org\/{rel}","templated":true}]}}