{"id":3236,"date":"2020-03-11T22:03:13","date_gmt":"2020-03-12T01:03:13","guid":{"rendered":"https:\/\/isfd19-bue.infd.edu.ar\/sitio\/?p=3236"},"modified":"2020-03-11T22:03:13","modified_gmt":"2020-03-12T01:03:13","slug":"primaria-reprogramacion-mesa-cultura","status":"publish","type":"post","link":"https:\/\/isfd19-bue.infd.edu.ar\/sitio\/primaria-reprogramacion-mesa-cultura\/","title":{"rendered":"Primaria &#8211; reprogramaci\u00f3n mesa Cultura"},"content":{"rendered":"<p>La mesa de Cultura, comunicaci\u00f3n y educaci\u00f3n de la Prof. Perez Lalli (2do 4ta) del martes 10\/3 se reprograma al viernes 13\/3 a las 13hs. La misma ser\u00e1 presidida por la prof. Miriam Kap.<\/p>\n","protected":false},"excerpt":{"rendered":"<p>La mesa de Cultura, comunicaci\u00f3n y educaci\u00f3n de la Prof. Perez Lalli (2do 4ta) del martes 10\/3 se reprograma al viernes 13\/3 a las 13hs. La misma ser\u00e1 presidida por la prof. Miriam Kap.<\/p>\n","protected":false},"author":589,"featured_media":0,"comment_status":"open","ping_status":"open","sticky":false,"template":"","format":"standard","meta":[],"categories":[1],"tags":[],"acf":[],"_links":{"self":[{"href":"https:\/\/isfd19-bue.infd.edu.ar\/sitio\/wp-json\/wp\/v2\/posts\/3236"}],"collection":[{"href":"https:\/\/isfd19-bue.infd.edu.ar\/sitio\/wp-json\/wp\/v2\/posts"}],"about":[{"href":"https:\/\/isfd19-bue.infd.edu.ar\/sitio\/wp-json\/wp\/v2\/types\/post"}],"author":[{"embeddable":true,"href":"https:\/\/isfd19-bue.infd.edu.ar\/sitio\/wp-json\/wp\/v2\/users\/589"}],"replies":[{"embeddable":true,"href":"https:\/\/isfd19-bue.infd.edu.ar\/sitio\/wp-json\/wp\/v2\/comments?post=3236"}],"version-history":[{"count":1,"href":"https:\/\/isfd19-bue.infd.edu.ar\/sitio\/wp-json\/wp\/v2\/posts\/3236\/revisions"}],"predecessor-version":[{"id":3237,"href":"https:\/\/isfd19-bue.infd.edu.ar\/sitio\/wp-json\/wp\/v2\/posts\/3236\/revisions\/3237"}],"wp:attachment":[{"href":"https:\/\/isfd19-bue.infd.edu.ar\/sitio\/wp-json\/wp\/v2\/media?parent=3236"}],"wp:term":[{"taxonomy":"category","embeddable":true,"href":"https:\/\/isfd19-bue.infd.edu.ar\/sitio\/wp-json\/wp\/v2\/categories?post=3236"},{"taxonomy":"post_tag","embeddable":true,"href":"https:\/\/isfd19-bue.infd.edu.ar\/sitio\/wp-json\/wp\/v2\/tags?post=3236"}],"curies":[{"name":"wp","href":"https:\/\/api.w.org\/{rel}","templated":true}]}}