{"id":3049,"date":"2020-02-10T20:54:26","date_gmt":"2020-02-10T23:54:26","guid":{"rendered":"https:\/\/isfd19-bue.infd.edu.ar\/sitio\/?p=3049"},"modified":"2020-02-10T20:54:26","modified_gmt":"2020-02-10T23:54:26","slug":"comienzo-del-ciclo-2020","status":"publish","type":"post","link":"https:\/\/isfd19-bue.infd.edu.ar\/sitio\/comienzo-del-ciclo-2020\/","title":{"rendered":"Comienzo del ciclo 2020"},"content":{"rendered":"<p>Desde el equipo directivo damos la bienvenida al ciclo 2020 a toda la comunidad educativa del Instituto, deseando un excelente a\u00f1o compartido.<br \/>\nEsta semana, tal como lo anunci\u00e1ramos en Diciembre pasado, contin\u00faan las inscripciones para los ingresantes los d\u00edas 12 y 13 en los tres turnos.<br \/>\nEl viernes 14 a las 18 hs. realizaremos en sede de Almafuerte la primera reuni\u00f3n plenaria. Ser\u00e1 un encuentro de informaci\u00f3n, planteo de ejes para la primera etapa del a\u00f1o, y trabajo en equipo que se dividir\u00e1 en dos momentos:<br \/>\nun espacio por carreras para ajustar los acuerdos realizados para el Curso Inicial, y otro espacio de trabajo por grupos de inter\u00e9s para la construcci\u00f3n del borrador de los proyectos que integrar\u00e1n el Proyecto Institucional. La duraci\u00f3n de la reuni\u00f3n ser\u00e1 de dos horas.<br \/>\nCon los \u00e1nimos renovados, los y las esperamos.<br \/>\nEquipo Directivo <\/p>\n","protected":false},"excerpt":{"rendered":"<p>Desde el equipo directivo damos la bienvenida al ciclo 2020 a toda la comunidad educativa del Instituto, deseando un excelente a\u00f1o compartido. Esta semana, tal como lo anunci\u00e1ramos en Diciembre pasado, contin\u00faan las inscripciones para los ingresantes los d\u00edas 12 y 13 en los tres turnos. El viernes 14 a las 18 hs. realizaremos en &#8230; <a title=\"Comienzo del ciclo 2020\" class=\"read-more\" href=\"https:\/\/isfd19-bue.infd.edu.ar\/sitio\/comienzo-del-ciclo-2020\/\" aria-label=\"More on Comienzo del ciclo 2020\">[+]<\/a><\/p>\n","protected":false},"author":420,"featured_media":0,"comment_status":"open","ping_status":"open","sticky":false,"template":"","format":"standard","meta":[],"categories":[1],"tags":[],"acf":[],"_links":{"self":[{"href":"https:\/\/isfd19-bue.infd.edu.ar\/sitio\/wp-json\/wp\/v2\/posts\/3049"}],"collection":[{"href":"https:\/\/isfd19-bue.infd.edu.ar\/sitio\/wp-json\/wp\/v2\/posts"}],"about":[{"href":"https:\/\/isfd19-bue.infd.edu.ar\/sitio\/wp-json\/wp\/v2\/types\/post"}],"author":[{"embeddable":true,"href":"https:\/\/isfd19-bue.infd.edu.ar\/sitio\/wp-json\/wp\/v2\/users\/420"}],"replies":[{"embeddable":true,"href":"https:\/\/isfd19-bue.infd.edu.ar\/sitio\/wp-json\/wp\/v2\/comments?post=3049"}],"version-history":[{"count":1,"href":"https:\/\/isfd19-bue.infd.edu.ar\/sitio\/wp-json\/wp\/v2\/posts\/3049\/revisions"}],"predecessor-version":[{"id":3050,"href":"https:\/\/isfd19-bue.infd.edu.ar\/sitio\/wp-json\/wp\/v2\/posts\/3049\/revisions\/3050"}],"wp:attachment":[{"href":"https:\/\/isfd19-bue.infd.edu.ar\/sitio\/wp-json\/wp\/v2\/media?parent=3049"}],"wp:term":[{"taxonomy":"category","embeddable":true,"href":"https:\/\/isfd19-bue.infd.edu.ar\/sitio\/wp-json\/wp\/v2\/categories?post=3049"},{"taxonomy":"post_tag","embeddable":true,"href":"https:\/\/isfd19-bue.infd.edu.ar\/sitio\/wp-json\/wp\/v2\/tags?post=3049"}],"curies":[{"name":"wp","href":"https:\/\/api.w.org\/{rel}","templated":true}]}}