{"id":2760,"date":"2019-10-31T21:45:19","date_gmt":"2019-11-01T00:45:19","guid":{"rendered":"https:\/\/isfd19-bue.infd.edu.ar\/sitio\/?p=2760"},"modified":"2019-10-31T21:45:19","modified_gmt":"2019-11-01T00:45:19","slug":"actividades-del-viernes-01-de-noviembre","status":"publish","type":"post","link":"https:\/\/isfd19-bue.infd.edu.ar\/sitio\/actividades-del-viernes-01-de-noviembre\/","title":{"rendered":"Actividades del viernes 01 de noviembre"},"content":{"rendered":"<p>Reiteramos la invitaci\u00f3n a encontrarnos y participar de las actividades previstas para ma\u00f1ana viernes en la sede de Almafuerte en el marco de la Jornada de Arte que comienza a partir de las 10:00 y contin\u00faa con los talleres desde las 14:30 para conclu\u00edr compartiendo una pe\u00f1a folkl\u00f3rica.<\/p>\n<p><img decoding=\"async\" loading=\"lazy\" class=\"alignnone  wp-image-2761\" src=\"https:\/\/isfd19-bue.infd.edu.ar\/sitio\/wp-content\/uploads\/2019\/10\/taller-de-YOGA-707x1000.jpg\" alt=\"\" width=\"148\" height=\"209\" srcset=\"https:\/\/isfd19-bue.infd.edu.ar\/sitio\/wp-content\/uploads\/2019\/10\/taller-de-YOGA-707x1000.jpg 707w, https:\/\/isfd19-bue.infd.edu.ar\/sitio\/wp-content\/uploads\/2019\/10\/taller-de-YOGA-768x1087.jpg 768w, https:\/\/isfd19-bue.infd.edu.ar\/sitio\/wp-content\/uploads\/2019\/10\/taller-de-YOGA.jpg 793w\" sizes=\"(max-width: 148px) 100vw, 148px\" \/> <img decoding=\"async\" loading=\"lazy\" class=\"alignnone  wp-image-2762\" src=\"https:\/\/isfd19-bue.infd.edu.ar\/sitio\/wp-content\/uploads\/2019\/10\/taller-de-Pizzas-707x1000.jpg\" alt=\"\" width=\"146\" height=\"206\" srcset=\"https:\/\/isfd19-bue.infd.edu.ar\/sitio\/wp-content\/uploads\/2019\/10\/taller-de-Pizzas-707x1000.jpg 707w, https:\/\/isfd19-bue.infd.edu.ar\/sitio\/wp-content\/uploads\/2019\/10\/taller-de-Pizzas-768x1087.jpg 768w, https:\/\/isfd19-bue.infd.edu.ar\/sitio\/wp-content\/uploads\/2019\/10\/taller-de-Pizzas.jpg 793w\" sizes=\"(max-width: 146px) 100vw, 146px\" \/> <img decoding=\"async\" loading=\"lazy\" class=\"alignnone  wp-image-2763\" src=\"https:\/\/isfd19-bue.infd.edu.ar\/sitio\/wp-content\/uploads\/2019\/10\/taller-de-panes-707x1000.jpg\" alt=\"\" width=\"146\" height=\"206\" srcset=\"https:\/\/isfd19-bue.infd.edu.ar\/sitio\/wp-content\/uploads\/2019\/10\/taller-de-panes-707x1000.jpg 707w, https:\/\/isfd19-bue.infd.edu.ar\/sitio\/wp-content\/uploads\/2019\/10\/taller-de-panes-768x1087.jpg 768w, https:\/\/isfd19-bue.infd.edu.ar\/sitio\/wp-content\/uploads\/2019\/10\/taller-de-panes.jpg 793w\" sizes=\"(max-width: 146px) 100vw, 146px\" \/> <img decoding=\"async\" loading=\"lazy\" class=\"alignnone  wp-image-2764\" src=\"https:\/\/isfd19-bue.infd.edu.ar\/sitio\/wp-content\/uploads\/2019\/10\/taller-de-totora-707x1000.jpg\" alt=\"\" width=\"145\" height=\"204\" srcset=\"https:\/\/isfd19-bue.infd.edu.ar\/sitio\/wp-content\/uploads\/2019\/10\/taller-de-totora-707x1000.jpg 707w, https:\/\/isfd19-bue.infd.edu.ar\/sitio\/wp-content\/uploads\/2019\/10\/taller-de-totora-768x1087.jpg 768w, https:\/\/isfd19-bue.infd.edu.ar\/sitio\/wp-content\/uploads\/2019\/10\/taller-de-totora.jpg 793w\" sizes=\"(max-width: 145px) 100vw, 145px\" \/> <img decoding=\"async\" loading=\"lazy\" class=\"alignnone  wp-image-2765\" src=\"https:\/\/isfd19-bue.infd.edu.ar\/sitio\/wp-content\/uploads\/2019\/10\/taller-de-folklore-707x1000.jpg\" alt=\"\" width=\"146\" height=\"206\" srcset=\"https:\/\/isfd19-bue.infd.edu.ar\/sitio\/wp-content\/uploads\/2019\/10\/taller-de-folklore-707x1000.jpg 707w, https:\/\/isfd19-bue.infd.edu.ar\/sitio\/wp-content\/uploads\/2019\/10\/taller-de-folklore-768x1087.jpg 768w, https:\/\/isfd19-bue.infd.edu.ar\/sitio\/wp-content\/uploads\/2019\/10\/taller-de-folklore.jpg 793w\" sizes=\"(max-width: 146px) 100vw, 146px\" \/><\/p>\n","protected":false},"excerpt":{"rendered":"<p>Reiteramos la invitaci\u00f3n a encontrarnos y participar de las actividades previstas para ma\u00f1ana viernes en la sede de Almafuerte en el marco de la Jornada de Arte que comienza a partir de las 10:00 y contin\u00faa con los talleres desde las 14:30 para conclu\u00edr compartiendo una pe\u00f1a folkl\u00f3rica.<\/p>\n","protected":false},"author":155,"featured_media":0,"comment_status":"open","ping_status":"open","sticky":false,"template":"","format":"standard","meta":[],"categories":[1],"tags":[],"acf":[],"_links":{"self":[{"href":"https:\/\/isfd19-bue.infd.edu.ar\/sitio\/wp-json\/wp\/v2\/posts\/2760"}],"collection":[{"href":"https:\/\/isfd19-bue.infd.edu.ar\/sitio\/wp-json\/wp\/v2\/posts"}],"about":[{"href":"https:\/\/isfd19-bue.infd.edu.ar\/sitio\/wp-json\/wp\/v2\/types\/post"}],"author":[{"embeddable":true,"href":"https:\/\/isfd19-bue.infd.edu.ar\/sitio\/wp-json\/wp\/v2\/users\/155"}],"replies":[{"embeddable":true,"href":"https:\/\/isfd19-bue.infd.edu.ar\/sitio\/wp-json\/wp\/v2\/comments?post=2760"}],"version-history":[{"count":2,"href":"https:\/\/isfd19-bue.infd.edu.ar\/sitio\/wp-json\/wp\/v2\/posts\/2760\/revisions"}],"predecessor-version":[{"id":2770,"href":"https:\/\/isfd19-bue.infd.edu.ar\/sitio\/wp-json\/wp\/v2\/posts\/2760\/revisions\/2770"}],"wp:attachment":[{"href":"https:\/\/isfd19-bue.infd.edu.ar\/sitio\/wp-json\/wp\/v2\/media?parent=2760"}],"wp:term":[{"taxonomy":"category","embeddable":true,"href":"https:\/\/isfd19-bue.infd.edu.ar\/sitio\/wp-json\/wp\/v2\/categories?post=2760"},{"taxonomy":"post_tag","embeddable":true,"href":"https:\/\/isfd19-bue.infd.edu.ar\/sitio\/wp-json\/wp\/v2\/tags?post=2760"}],"curies":[{"name":"wp","href":"https:\/\/api.w.org\/{rel}","templated":true}]}}