{"id":2573,"date":"2019-10-06T20:27:04","date_gmt":"2019-10-06T23:27:04","guid":{"rendered":"https:\/\/isfd19-bue.infd.edu.ar\/sitio\/?p=2573"},"modified":"2019-10-06T20:27:04","modified_gmt":"2019-10-06T23:27:04","slug":"jornada-de-concientizacion-para-la-eleccion-de-tfo-y-edi","status":"publish","type":"post","link":"https:\/\/isfd19-bue.infd.edu.ar\/sitio\/jornada-de-concientizacion-para-la-eleccion-de-tfo-y-edi\/","title":{"rendered":"Jornada de concientizaci\u00f3n para la elecci\u00f3n de TFO y EDI"},"content":{"rendered":"<p>El jueves 10 de octubre, en los horarios de 9.40, 15 y 19.30 hs. realizaremos una jornada informativa acerca de la democratizaci\u00f3n de las l\u00edneas de TFO y EDI, para los profesorados de Primaria, Inicial y Especial. En la semana siguiente se realizar\u00e1 la votaci\u00f3n, a cargo de los estudiantes, de las l\u00edneas que consideren prioritarias para sus trayectorias.<\/p>\n","protected":false},"excerpt":{"rendered":"<p>El jueves 10 de octubre, en los horarios de 9.40, 15 y 19.30 hs. realizaremos una jornada informativa acerca de la democratizaci\u00f3n de las l\u00edneas de TFO y EDI, para los profesorados de Primaria, Inicial y Especial. En la semana siguiente se realizar\u00e1 la votaci\u00f3n, a cargo de los estudiantes, de las l\u00edneas que consideren &#8230; <a title=\"Jornada de concientizaci\u00f3n para la elecci\u00f3n de TFO y EDI\" class=\"read-more\" href=\"https:\/\/isfd19-bue.infd.edu.ar\/sitio\/jornada-de-concientizacion-para-la-eleccion-de-tfo-y-edi\/\" aria-label=\"More on Jornada de concientizaci\u00f3n para la elecci\u00f3n de TFO y EDI\">[+]<\/a><\/p>\n","protected":false},"author":420,"featured_media":0,"comment_status":"open","ping_status":"open","sticky":false,"template":"","format":"standard","meta":[],"categories":[1],"tags":[],"acf":[],"_links":{"self":[{"href":"https:\/\/isfd19-bue.infd.edu.ar\/sitio\/wp-json\/wp\/v2\/posts\/2573"}],"collection":[{"href":"https:\/\/isfd19-bue.infd.edu.ar\/sitio\/wp-json\/wp\/v2\/posts"}],"about":[{"href":"https:\/\/isfd19-bue.infd.edu.ar\/sitio\/wp-json\/wp\/v2\/types\/post"}],"author":[{"embeddable":true,"href":"https:\/\/isfd19-bue.infd.edu.ar\/sitio\/wp-json\/wp\/v2\/users\/420"}],"replies":[{"embeddable":true,"href":"https:\/\/isfd19-bue.infd.edu.ar\/sitio\/wp-json\/wp\/v2\/comments?post=2573"}],"version-history":[{"count":1,"href":"https:\/\/isfd19-bue.infd.edu.ar\/sitio\/wp-json\/wp\/v2\/posts\/2573\/revisions"}],"predecessor-version":[{"id":2574,"href":"https:\/\/isfd19-bue.infd.edu.ar\/sitio\/wp-json\/wp\/v2\/posts\/2573\/revisions\/2574"}],"wp:attachment":[{"href":"https:\/\/isfd19-bue.infd.edu.ar\/sitio\/wp-json\/wp\/v2\/media?parent=2573"}],"wp:term":[{"taxonomy":"category","embeddable":true,"href":"https:\/\/isfd19-bue.infd.edu.ar\/sitio\/wp-json\/wp\/v2\/categories?post=2573"},{"taxonomy":"post_tag","embeddable":true,"href":"https:\/\/isfd19-bue.infd.edu.ar\/sitio\/wp-json\/wp\/v2\/tags?post=2573"}],"curies":[{"name":"wp","href":"https:\/\/api.w.org\/{rel}","templated":true}]}}