{"id":2479,"date":"2019-09-18T21:22:04","date_gmt":"2019-09-19T00:22:04","guid":{"rendered":"https:\/\/isfd19-bue.infd.edu.ar\/sitio\/?p=2479"},"modified":"2019-09-19T15:44:55","modified_gmt":"2019-09-19T18:44:55","slug":"2479-2","status":"publish","type":"post","link":"https:\/\/isfd19-bue.infd.edu.ar\/sitio\/2479-2\/","title":{"rendered":"Cronograma de Mesas Extraordinarias del Profesorado de Ingl\u00e9s SEPTIEMBRE 2019 Semana del 23\/9 al 27\/9"},"content":{"rendered":"<table style=\"border:3px solid; width:1000px;font-size:small;\" cellspacing=\"0\" cellpadding=\"2\">\n<tbody>\n<tr style=\"background-color: #4CAF50; color:white;\">\n<th style=\"width:400px; text-align: center;\">Materia<\/th>\n<th style=\"width:60px; text-align: center;\">A\u00f1o<\/th>\n<th style=\"width:150px; text-align: center;\">Profe<\/th>\n<th style=\"width:150px; text-align: center;\">Vocal<\/th>\n<th style=\"width:100px; text-align: center;\">D\u00eda<\/th>\n<th style=\"width:80px; text-align: center;\">Fecha<\/th>\n<th style=\"width:60px; text-align: center;\">Hora<\/th>\n<\/tr>\n<tr>\n<td style=\"text-align: left;\">PR\u00c1CTICAS DISCURSIVAS DEL \u00c1MBITO ACAD\u00c9MICO EN ESPA\u00d1OL<\/td>\n<td style=\"text-align: center;\">1<\/td>\n<td style=\"text-align: left;\">BERGESE, M<\/td>\n<td style=\"text-align: left;\">RIDAO<\/td>\n<td style=\"text-align: center;\">LUNES<\/td>\n<td style=\"text-align: center;\">23\/09\/2019<\/td>\n<td style=\"text-align: center;\">17:30<\/td>\n<\/tr>\n<tr>\n<td style=\"text-align: left;\">INGLES Y SU ENSE\u00d1ANZA I<\/td>\n<td style=\"text-align: center;\">2<\/td>\n<td style=\"text-align: left;\">CASTI\u00d1EIRAS, S<\/td>\n<td style=\"text-align: left;\">MACHADO<\/td>\n<td style=\"text-align: center;\">LUNES<\/td>\n<td style=\"text-align: center;\">23\/09\/2019<\/td>\n<td style=\"text-align: center;\">19:30<\/td>\n<\/tr>\n<tr>\n<td style=\"text-align: left;\">LENGUA Y CULTURA II<\/td>\n<td style=\"text-align: center;\">2<\/td>\n<td style=\"text-align: left;\">LOPEZ, M<\/td>\n<td style=\"text-align: left;\">ASTEINZA<\/td>\n<td style=\"text-align: center;\">LUNES<\/td>\n<td style=\"text-align: center;\">23\/09\/2019<\/td>\n<td style=\"text-align: center;\">17:30<\/td>\n<\/tr>\n<tr>\n<td style=\"text-align: left;\">PSICOLOGIA Y CULTURA DEL ALUMNO II<\/td>\n<td style=\"text-align: center;\">2<\/td>\n<td style=\"text-align: left;\">VICENTE, A<\/td>\n<td style=\"text-align: left;\">ASTEINZA<\/td>\n<td style=\"text-align: center;\">LUNES<\/td>\n<td style=\"text-align: center;\">23\/09\/2019<\/td>\n<td style=\"text-align: center;\">17:30<\/td>\n<\/tr>\n<tr>\n<td style=\"text-align: left;\">LENGUA Y EXPRESION ORAL III<\/td>\n<td style=\"text-align: center;\">3<\/td>\n<td style=\"text-align: left;\">SC\u00c1NDALLI, A<\/td>\n<td style=\"text-align: left;\">MACHADO<\/td>\n<td style=\"text-align: center;\">LUNES<\/td>\n<td style=\"text-align: center;\">23\/09\/2019<\/td>\n<td style=\"text-align: center;\">17:30<\/td>\n<\/tr>\n<tr>\n<td style=\"text-align: left;\">LENGUA Y EXPRESION ORAL I<\/td>\n<td style=\"text-align: center;\">1<\/td>\n<td style=\"text-align: left;\">ROMANELLI, S<\/td>\n<td style=\"text-align: left;\">COTLEROFF<\/td>\n<td style=\"text-align: center;\">MARTES<\/td>\n<td style=\"text-align: center;\">24\/09\/2019<\/td>\n<td style=\"text-align: center;\">17:30<\/td>\n<\/tr>\n<tr>\n<td style=\"text-align: left;\">LENGUA Y EXPRESION ORAL II<\/td>\n<td style=\"text-align: center;\">2<\/td>\n<td style=\"text-align: left;\">SC\u00c1NDALLI, A<\/td>\n<td style=\"text-align: left;\">COTLEROFF<\/td>\n<td style=\"text-align: center;\">MARTES<\/td>\n<td style=\"text-align: center;\">24\/09\/2019<\/td>\n<td style=\"text-align: center;\">17:30<\/td>\n<\/tr>\n<tr>\n<td style=\"text-align: left;\">PERSPECTIVA PEDAGOGICO DIDACTICA II<\/td>\n<td style=\"text-align: center;\">2<\/td>\n<td style=\"text-align: left;\">CASTI\u00d1EIRAS, S<\/td>\n<td style=\"text-align: left;\">DE ZABALETA<\/td>\n<td style=\"text-align: center;\">MARTES<\/td>\n<td style=\"text-align: center;\">24\/09\/2019<\/td>\n<td style=\"text-align: center;\">17:30<\/td>\n<\/tr>\n<tr>\n<td style=\"text-align: left;\">ESPACIO DE PRACTICA DOCENTE III<\/td>\n<td style=\"text-align: center;\">3<\/td>\n<td style=\"text-align: left;\">CASTI\u00d1EIRAS, S<\/td>\n<td style=\"text-align: left;\">DE ZABALETA<\/td>\n<td style=\"text-align: center;\">MARTES<\/td>\n<td style=\"text-align: center;\">24\/09\/2019<\/td>\n<td style=\"text-align: center;\">17:30<\/td>\n<\/tr>\n<tr>\n<td style=\"text-align: left;\">INGLES Y SU ENSE\u00d1ANZA II<\/td>\n<td style=\"text-align: center;\">3<\/td>\n<td style=\"text-align: left;\">ASTEINZA, A<\/td>\n<td style=\"text-align: left;\">MACHADO<\/td>\n<td style=\"text-align: center;\">MARTES<\/td>\n<td style=\"text-align: center;\">24\/09\/2019<\/td>\n<td style=\"text-align: center;\">17:30<\/td>\n<\/tr>\n<tr>\n<td style=\"text-align: left;\">LENGUA Y CULTURA I<\/td>\n<td style=\"text-align: center;\">1<\/td>\n<td style=\"text-align: left;\">COTLEROFF, M<\/td>\n<td style=\"text-align: left;\">SCANDALI<\/td>\n<td style=\"text-align: center;\">MIERCOLES<\/td>\n<td style=\"text-align: center;\">25\/09\/2019<\/td>\n<td style=\"text-align: center;\">17:30<\/td>\n<\/tr>\n<tr>\n<td style=\"text-align: left;\">LENGUA Y EXPRESION ESCRITA I<\/td>\n<td style=\"text-align: center;\">1<\/td>\n<td style=\"text-align: left;\">SPINA, L<\/td>\n<td style=\"text-align: left;\">COTLEROFF<\/td>\n<td style=\"text-align: center;\">MIERCOLES<\/td>\n<td style=\"text-align: center;\">25\/09\/2019<\/td>\n<td style=\"text-align: center;\">19:30<\/td>\n<\/tr>\n<tr>\n<td style=\"text-align: left;\">PERSPECTIVA PEDAGOGICO DIDACTICA I<\/td>\n<td style=\"text-align: center;\">1<\/td>\n<td style=\"text-align: left;\">UGARTECHE, S<\/td>\n<td style=\"text-align: left;\">VICENTE, A<\/td>\n<td style=\"text-align: center;\">MIERCOLES<\/td>\n<td style=\"text-align: center;\">25\/09\/2019<\/td>\n<td style=\"text-align: center;\">17:30<\/td>\n<\/tr>\n<tr>\n<td style=\"text-align: left;\">PSICOLOGIA Y CULTURA DEL ALUMNO DE EGB 3 Y POLIMODAL<\/td>\n<td style=\"text-align: center;\">3<\/td>\n<td style=\"text-align: left;\">VICENTE, A<\/td>\n<td style=\"text-align: left;\">UGARTECHE<\/td>\n<td style=\"text-align: center;\">MIERCOLES<\/td>\n<td style=\"text-align: center;\">25\/09\/2019<\/td>\n<td style=\"text-align: center;\">17:30<\/td>\n<\/tr>\n<tr>\n<td style=\"text-align: left;\">PERSPECTIVA FILOSOFICO PEDAGOGICA I<\/td>\n<td style=\"text-align: center;\">1<\/td>\n<td style=\"text-align: left;\">AMOR, C<\/td>\n<td style=\"text-align: left;\">RODRIGUEZ<\/td>\n<td style=\"text-align: center;\">JUEVES<\/td>\n<td style=\"text-align: center;\">26\/09\/2019<\/td>\n<td style=\"text-align: center;\">17:30<\/td>\n<\/tr>\n<tr>\n<td style=\"text-align: left;\">LENGUA Y EXPRESION ESCRITA II<\/td>\n<td style=\"text-align: center;\">2<\/td>\n<td style=\"text-align: left;\">DE ZABALETA, M<\/td>\n<td style=\"text-align: left;\">ASTEINZA<\/td>\n<td style=\"text-align: center;\">JUEVES<\/td>\n<td style=\"text-align: center;\">26\/09\/2019<\/td>\n<td style=\"text-align: center;\">17:30<\/td>\n<\/tr>\n<tr>\n<td style=\"text-align: left;\">PERSPECTIVA FILOSOFICA PEDAGOGICA II<\/td>\n<td style=\"text-align: center;\">2<\/td>\n<td style=\"text-align: left;\">RODRIGUEZ, M<\/td>\n<td style=\"text-align: left;\">AMOR<\/td>\n<td style=\"text-align: center;\">JUEVES<\/td>\n<td style=\"text-align: center;\">26\/09\/2019<\/td>\n<td style=\"text-align: center;\">17:30<\/td>\n<\/tr>\n<tr>\n<td style=\"text-align: left;\">LENGUA Y EXPRESION ESCRITA III<\/td>\n<td style=\"text-align: center;\">3<\/td>\n<td style=\"text-align: left;\">ASTEINZA, A<\/td>\n<td style=\"text-align: left;\">DE ZABALETA<\/td>\n<td style=\"text-align: center;\">JUEVES<\/td>\n<td style=\"text-align: center;\">26\/09\/2019<\/td>\n<td style=\"text-align: center;\">17:30<\/td>\n<\/tr>\n<tr>\n<td style=\"text-align: left;\">PERSPECTIVA POLITICO INSTITUCIONAL<\/td>\n<td style=\"text-align: center;\">3<\/td>\n<td style=\"text-align: left;\">DUHALDE, P<\/td>\n<td style=\"text-align: left;\">AMOR<\/td>\n<td style=\"text-align: center;\">JUEVES<\/td>\n<td style=\"text-align: center;\">26\/09\/2019<\/td>\n<td style=\"text-align: center;\">17:30<\/td>\n<\/tr>\n<tr>\n<td style=\"text-align: left;\">PERSPECTIVA SOCIO POLITICA<\/td>\n<td style=\"text-align: center;\">1<\/td>\n<td style=\"text-align: left;\">PERISSE, A<\/td>\n<td style=\"text-align: left;\">DA CRUZ<\/td>\n<td style=\"text-align: center;\">VIERNES<\/td>\n<td style=\"text-align: center;\">27\/09\/2019<\/td>\n<td style=\"text-align: center;\">19:30<\/td>\n<\/tr>\n<tr>\n<td style=\"text-align: left;\">ESPACIO DE LA PRACTICA DOCENTE II<\/td>\n<td style=\"text-align: center;\">2<\/td>\n<td style=\"text-align: left;\">MASELLO, M<\/td>\n<td style=\"text-align: left;\">FLORES<\/td>\n<td style=\"text-align: center;\">VIERNES<\/td>\n<td style=\"text-align: center;\">27\/09\/2019<\/td>\n<td style=\"text-align: center;\">17:30<\/td>\n<\/tr>\n<tr>\n<td style=\"text-align: left;\">LENGUA Y CULTURA III<\/td>\n<td style=\"text-align: center;\">3<\/td>\n<td style=\"text-align: left;\">LOPEZ, M<\/td>\n<td style=\"text-align: left;\">FLORES<\/td>\n<td style=\"text-align: center;\">VIERNES<\/td>\n<td style=\"text-align: center;\">27\/09\/2019<\/td>\n<td style=\"text-align: center;\">17:30<\/td>\n<\/tr>\n<tr>\n<td style=\"text-align: left;\">EXPRESION ORAL Y ESCRITA DE LA LENGUA ESPA\u00d1OLA<\/td>\n<td style=\"text-align: center;\">4<\/td>\n<td style=\"text-align: left;\">DA CRUZ, A<\/td>\n<td style=\"text-align: left;\">PERISSE<\/td>\n<td style=\"text-align: center;\">VIERNES<\/td>\n<td style=\"text-align: center;\">27\/09\/2019<\/td>\n<td style=\"text-align: center;\">19:30<\/td>\n<\/tr>\n<tr>\n<td style=\"text-align: left;\">LENGUA Y EXPRESION ESCRITA IV<\/td>\n<td style=\"text-align: center;\">4<\/td>\n<td style=\"text-align: left;\">DE ZABALETA, M<\/td>\n<td style=\"text-align: left;\">MASELLO<\/td>\n<td style=\"text-align: center;\">VIERNES<\/td>\n<td style=\"text-align: center;\">27\/09\/2019<\/td>\n<td style=\"text-align: center;\">17:30<\/td>\n<\/tr>\n<\/tbody>\n<\/table>\n","protected":false},"excerpt":{"rendered":"<p>Materia A\u00f1o Profe Vocal D\u00eda Fecha Hora PR\u00c1CTICAS DISCURSIVAS DEL \u00c1MBITO ACAD\u00c9MICO EN ESPA\u00d1OL 1 BERGESE, M RIDAO LUNES 23\/09\/2019 17:30 INGLES Y SU ENSE\u00d1ANZA I 2 CASTI\u00d1EIRAS, S MACHADO LUNES 23\/09\/2019 19:30 LENGUA Y CULTURA II 2 LOPEZ, M ASTEINZA LUNES 23\/09\/2019 17:30 PSICOLOGIA Y CULTURA DEL ALUMNO II 2 VICENTE, A ASTEINZA LUNES &#8230; <a title=\"Cronograma de Mesas Extraordinarias del Profesorado de Ingl\u00e9s SEPTIEMBRE 2019 Semana del 23\/9 al 27\/9\" class=\"read-more\" href=\"https:\/\/isfd19-bue.infd.edu.ar\/sitio\/2479-2\/\" aria-label=\"More on Cronograma de Mesas Extraordinarias del Profesorado de Ingl\u00e9s SEPTIEMBRE 2019 Semana del 23\/9 al 27\/9\">[+]<\/a><\/p>\n","protected":false},"author":420,"featured_media":0,"comment_status":"open","ping_status":"open","sticky":false,"template":"","format":"standard","meta":[],"categories":[1],"tags":[],"acf":[],"_links":{"self":[{"href":"https:\/\/isfd19-bue.infd.edu.ar\/sitio\/wp-json\/wp\/v2\/posts\/2479"}],"collection":[{"href":"https:\/\/isfd19-bue.infd.edu.ar\/sitio\/wp-json\/wp\/v2\/posts"}],"about":[{"href":"https:\/\/isfd19-bue.infd.edu.ar\/sitio\/wp-json\/wp\/v2\/types\/post"}],"author":[{"embeddable":true,"href":"https:\/\/isfd19-bue.infd.edu.ar\/sitio\/wp-json\/wp\/v2\/users\/420"}],"replies":[{"embeddable":true,"href":"https:\/\/isfd19-bue.infd.edu.ar\/sitio\/wp-json\/wp\/v2\/comments?post=2479"}],"version-history":[{"count":5,"href":"https:\/\/isfd19-bue.infd.edu.ar\/sitio\/wp-json\/wp\/v2\/posts\/2479\/revisions"}],"predecessor-version":[{"id":2489,"href":"https:\/\/isfd19-bue.infd.edu.ar\/sitio\/wp-json\/wp\/v2\/posts\/2479\/revisions\/2489"}],"wp:attachment":[{"href":"https:\/\/isfd19-bue.infd.edu.ar\/sitio\/wp-json\/wp\/v2\/media?parent=2479"}],"wp:term":[{"taxonomy":"category","embeddable":true,"href":"https:\/\/isfd19-bue.infd.edu.ar\/sitio\/wp-json\/wp\/v2\/categories?post=2479"},{"taxonomy":"post_tag","embeddable":true,"href":"https:\/\/isfd19-bue.infd.edu.ar\/sitio\/wp-json\/wp\/v2\/tags?post=2479"}],"curies":[{"name":"wp","href":"https:\/\/api.w.org\/{rel}","templated":true}]}}