{"id":1037,"date":"2018-11-15T14:40:08","date_gmt":"2018-11-15T17:40:08","guid":{"rendered":"https:\/\/isfd19-bue.infd.edu.ar\/sitio\/?p=1037"},"modified":"2018-11-15T14:40:08","modified_gmt":"2018-11-15T17:40:08","slug":"agradecimiento","status":"publish","type":"post","link":"https:\/\/isfd19-bue.infd.edu.ar\/sitio\/agradecimiento\/","title":{"rendered":"Agradecimiento"},"content":{"rendered":"<p>Agradecemos a todas las personas de la Comunidad Educativa del I.S.F.D. N\u00ba 19 que se acercaron el d\u00eda de hoy para celebrar nuestro 50 Aniversario.<\/p>\n<p>A continuaci\u00f3n, compartimos las palabras institucionales del Profesor Diego Garc\u00eda R\u00edos, en gratificaci\u00f3n a todos los que construyeron y construyen \u00abel insti\u00bb a diario.<\/p>\n<p><em><strong>Querida Comunidad Educativa del\u00a0Instituto Superior de Formaci\u00f3n Docente N\u00ba 19<\/strong><\/em><\/p>\n<p>Llegamos a los 50 a\u00f1os. Son muchos los sentimientos que se entrecruzan en este momento cuando hacemos el balance de tantas d\u00e9cadas y revisamos todo lo transitado: formaci\u00f3n, aprendizaje, trayectorias, tensiones, felicidades, tristezas. Se ha recorrido un largo camino y son realmente muchas las personas que han circulado por estas aulas y pasillos que hoy nos abrazan. Muchas de ellas est\u00e1n aqu\u00ed presentes y les agradecemos su acompa\u00f1amiento.<\/p>\n<p>El Instituto Superior de Formaci\u00f3n Docente N\u00ba 19 cumple medio siglo de construcci\u00f3n colectiva que le ha otorgado identidad propia y hace de nuestra instituci\u00f3n una referencia en la formaci\u00f3n docente de la ciudad de Mar del Plata. Pero no son las placas de bronce las que nos movilizan, enorgullecen y nos dan fuerza para seguir en este camino, sino el reconocimiento de todas las personas que forman parte de la vida institucional.<\/p>\n<p>Hace algunas semanas organizamos una charla destinada a ingresantes donde concurrieron casi 500 personas para informarse sobre nuestra oferta educativa. M\u00e1s all\u00e1 de la satisfacci\u00f3n que nos produjo observar la gran apuesta de la comunidad marplatense para estudiar un profesorado, fue realmente movilizante escuchar el compromiso de nuestros estudiantes, quienes se dirig\u00edan a los futuros ingresantes, con una alegr\u00eda y un entusiasmo que conmov\u00edan. Fue reconfortante sentir el amor con el que hablaban de sus carreras, sus profesores, sus pr\u00e1cticas y sus escuelas co-formadoras. A eso se le llama IDENTIDAD institucional.<\/p>\n<p>Jean Barbier afirma que la pr\u00e1ctica docente es \u201c<em>la transformaci\u00f3n de una realidad en otra\u201d<\/em>. Parece una definici\u00f3n t\u00e9cnica, simple y hasta fr\u00eda de lo que intentamos hacer todos los d\u00edas como formadores de formadores. Sin embargo, si hay una cuesti\u00f3n que identifica a nuestro instituto, es la capacidad de tener sentados en sus bancos a estudiantes de todos los barrios de la ciudad. Y cuando digo todos los barrios, me refiero a personas que viajan m\u00e1s de una hora en dos colectivos, que salen de trabajar y llegan con el bolso cansado a cursar durante 5 horas, que buscan el hueco entre una actividad y otra para poder leer el texto que pidi\u00f3 la profesora, que dejan a sus familias en casa para formarse en una carrera de nivel superior. Entonces, me permito hacer algunas preguntas en funci\u00f3n de lo dicho por el pedagogo franc\u00e9s: \u00bfc\u00f3mo calificar de t\u00e9cnica aquella definici\u00f3n de Barbier en el momento en que estas personas le confiesan a los directivos que el instituto les cambi\u00f3 la vida?, \u00bfc\u00f3mo identificarla como una frase simple, cuando un estudiante le dice al profesor que su materia le \u201cabri\u00f3 la cabeza\u201d?, \u00bfc\u00f3mo pensar lo dicho por Barbier como una fr\u00eda declaraci\u00f3n, cuando aqu\u00ed los estudiantes saben que no son un n\u00famero y que su situaci\u00f3n personal merece y puede ser tenida en cuenta?<\/p>\n<p>Creo que la palabra TRANSFORMACI\u00d3N nos ha atravesado durante todas estas d\u00e9cadas de vida del instituto. Ese es nuestro objetivo porque es ese sentimiento el que nos mueve, el que nos entusiasma a\u00fan en situaciones adversas, el que tal vez nos diferencia de otras profesiones. Si no hay transformaci\u00f3n, no hay reflexi\u00f3n, no hay pensamiento cr\u00edtico, <em>no hay docencia<\/em>.<\/p>\n<p>Es en este sentido que queremos destacar el fuerte compromiso que tienen todos los actores con el instituto:<\/p>\n<p>A la gran comunidad de profesores, le agradecemos por trabajar con el ejemplo, con rigurosidad acad\u00e9mica y calidez humana a la vez, por el inter\u00e9s de seguir form\u00e1ndose y ser la referencia permanente de nuestros estudiantes.<\/p>\n<p>A todo el personal administrativo y auxiliar, por hacer el enorme esfuerzo para que los dos edificios de nuestro instituto, funcionen y puedan cubrir la permanente demanda de casi 2000 personas que transitan todos los d\u00edas y necesitan resolver dudas o resolver problemas.<\/p>\n<p>Y, por \u00faltimo, agradecemos a nuestros profesores en formaci\u00f3n, que hacen que las aulas, el jard\u00edn, este SUM y todos los espacios institucionales cobren vida. Estamos convencidos que en este proceso formativo podr\u00e1n hacerse de las mejores herramientas para ser excelentes docentes el d\u00eda de ma\u00f1ana, no solo en cuanto a contenidos disciplinares sino a formaci\u00f3n humana. Eso es algo que procuraremos seguir construyendo todos los d\u00edas como instituci\u00f3n educativa.<\/p>\n<p>Siendo conscientes del duro trabajo que implica ser directivos, docentes, administrativos, auxiliares y estudiantes de una instituci\u00f3n educativa de gesti\u00f3n p\u00fablica en contextos como el actual, no claudicamos ni claudicaremos en la b\u00fasqueda de la excelencia en la formaci\u00f3n, en la pr\u00e1ctica de la buena docencia y en la vigencia de los fuertes lazos que unen lo que durante a\u00f1os hemos forjado: la identidad del 19. Hagamos que ese sello propio que la comunidad marplatense nos reconoce y valora, se profundice en sus virtudes y d\u00e9 frutos en cada uno de los que nos desempe\u00f1amos dentro de estas aulas. Que la integridad sea siempre nuestro faro, a\u00fan y sobre todo, en momentos donde tal vez no sea f\u00e1cil dilucidar un futuro promisorio. Estas puertas siempre estar\u00e1n abiertas para aquellos que sue\u00f1an construirlo.<\/p>\n<p>Muchas gracias.<\/p>\n<p>&nbsp;<\/p>\n","protected":false},"excerpt":{"rendered":"<p>Agradecemos a todas las personas de la Comunidad Educativa del I.S.F.D. N\u00ba 19 que se acercaron el d\u00eda de hoy para celebrar nuestro 50 Aniversario. A continuaci\u00f3n, compartimos las palabras institucionales del Profesor Diego Garc\u00eda R\u00edos, en gratificaci\u00f3n a todos los que construyeron y construyen \u00abel insti\u00bb a diario. Querida Comunidad Educativa del\u00a0Instituto Superior de &#8230; <a title=\"Agradecimiento\" class=\"read-more\" href=\"https:\/\/isfd19-bue.infd.edu.ar\/sitio\/agradecimiento\/\" aria-label=\"More on Agradecimiento\">[+]<\/a><\/p>\n","protected":false},"author":418,"featured_media":0,"comment_status":"open","ping_status":"open","sticky":false,"template":"","format":"standard","meta":[],"categories":[1],"tags":[],"acf":[],"_links":{"self":[{"href":"https:\/\/isfd19-bue.infd.edu.ar\/sitio\/wp-json\/wp\/v2\/posts\/1037"}],"collection":[{"href":"https:\/\/isfd19-bue.infd.edu.ar\/sitio\/wp-json\/wp\/v2\/posts"}],"about":[{"href":"https:\/\/isfd19-bue.infd.edu.ar\/sitio\/wp-json\/wp\/v2\/types\/post"}],"author":[{"embeddable":true,"href":"https:\/\/isfd19-bue.infd.edu.ar\/sitio\/wp-json\/wp\/v2\/users\/418"}],"replies":[{"embeddable":true,"href":"https:\/\/isfd19-bue.infd.edu.ar\/sitio\/wp-json\/wp\/v2\/comments?post=1037"}],"version-history":[{"count":1,"href":"https:\/\/isfd19-bue.infd.edu.ar\/sitio\/wp-json\/wp\/v2\/posts\/1037\/revisions"}],"predecessor-version":[{"id":1038,"href":"https:\/\/isfd19-bue.infd.edu.ar\/sitio\/wp-json\/wp\/v2\/posts\/1037\/revisions\/1038"}],"wp:attachment":[{"href":"https:\/\/isfd19-bue.infd.edu.ar\/sitio\/wp-json\/wp\/v2\/media?parent=1037"}],"wp:term":[{"taxonomy":"category","embeddable":true,"href":"https:\/\/isfd19-bue.infd.edu.ar\/sitio\/wp-json\/wp\/v2\/categories?post=1037"},{"taxonomy":"post_tag","embeddable":true,"href":"https:\/\/isfd19-bue.infd.edu.ar\/sitio\/wp-json\/wp\/v2\/tags?post=1037"}],"curies":[{"name":"wp","href":"https:\/\/api.w.org\/{rel}","templated":true}]}}